{"id":22683,"date":"2021-01-15T21:00:56","date_gmt":"2021-01-15T21:00:56","guid":{"rendered":"https:\/\/canaryo.net\/portal\/?p=22683"},"modified":"2021-01-22T23:45:28","modified_gmt":"2021-01-22T23:45:28","slug":"%e2%80%8bzwei-maenner-gestorben-nachdem-sie-von-einer-klippe-in-pajara-gerast-ist","status":"publish","type":"post","link":"https:\/\/canaryo.net\/portal\/%e2%80%8bzwei-maenner-gestorben-nachdem-sie-von-einer-klippe-in-pajara-gerast-ist\/","title":{"rendered":"\u200bZwei M\u00e4nner gestorben nachdem sie von einer Klippe in Pajara gerast ist"},"content":{"rendered":"\n<p>15.01.2021; Spanien&nbsp;\u2013&nbsp;Die&nbsp;Guardia&nbsp;Civil&nbsp;untersucht den Tod von Jonathan&nbsp;Armas&nbsp;alias&nbsp;Jony&nbsp;und&nbsp;Jaime&nbsp;&#8216;el&nbsp;moro&#8217;,&nbsp;nachdem sie mit ihrem Fahrzeug von einer Klippe in der N\u00e4he des Strandes von La&nbsp;Solapa&nbsp;in der&nbsp;Majorero-Gemeinde&nbsp;P\u00e9jara&nbsp;gest\u00fcrzt sind.&nbsp;Jaime, eine&nbsp;Person marokkanischer&nbsp;Herkunft, wurde&nbsp;am Mittwoch in der des Pkws&nbsp;entdeckt.&nbsp;Die Leiche des zweiten&nbsp;Opfers&nbsp;wurde gestern schwimmend im Meer&nbsp;gefunden.&nbsp;Die Polizei nimmt an das es sich um einen Unfall&nbsp;handelte,&nbsp;doch es wird nicht&nbsp;ausgeschlossenen, dass&nbsp;es auch die Bezahlung einer offenen Rechnung sein k\u00f6nnte, da die&nbsp;Toten&nbsp;f\u00fcr&nbsp;ihre Vorstrafen bekannt sind.&nbsp;Jony&nbsp; war erst vor ein paar Tagen aus dem Krankenhaus in Puerto del Rosario entlassen worden, da er aus oben genanntem Grunde angegriffen wurde. Beide Leichen wurden mit einem Helikopter geborgen.&nbsp;<\/p>\n\n\n\n<p>Bildquelle: La&nbsp;Provincia&nbsp;<\/p>\n\n\n\n<figure class=\"wp-block-gallery columns-0 is-cropped\"><ul class=\"blocks-gallery-grid\"><\/ul><\/figure>\n","protected":false},"excerpt":{"rendered":"<p>15.01.2021; Spanien&nbsp;\u2013&nbsp;Die&nbsp;Guardia&nbsp;Civil&nbsp;untersucht den Tod von Jonathan&nbsp;Armas&nbsp;alias&nbsp;Jony&nbsp;und&nbsp;Jaime&nbsp;&#8216;el&nbsp;moro&#8217;,&nbsp;nachdem sie mit ihrem Fahrzeug von einer Klippe in der N\u00e4he des Strandes von La&nbsp;Solapa&nbsp;in der&nbsp;Majorero-Gemeinde&nbsp;P\u00e9jara&nbsp;gest\u00fcrzt sind.&nbsp;Jaime, eine&nbsp;Person marokkanischer&nbsp;Herkunft, wurde&nbsp;am Mittwoch in der des Pkws&nbsp;entdeckt.&nbsp;Die Leiche des zweiten&nbsp;Opfers&nbsp;wurde gestern schwimmend im Meer&nbsp;gefunden.&nbsp;Die Polizei nimmt an das es sich um einen Unfall&nbsp;handelte,&nbsp;doch es wird nicht&nbsp;ausgeschlossenen, dass&nbsp;es auch die Bezahlung einer offenen [&hellip;]<\/p>\n","protected":false},"author":443,"featured_media":22685,"comment_status":"open","ping_status":"open","sticky":false,"template":"","format":"gallery","meta":[],"categories":[442,6,461],"tags":[786,10,2270,1073],"_links":{"self":[{"href":"https:\/\/canaryo.net\/portal\/wp-json\/wp\/v2\/posts\/22683"}],"collection":[{"href":"https:\/\/canaryo.net\/portal\/wp-json\/wp\/v2\/posts"}],"about":[{"href":"https:\/\/canaryo.net\/portal\/wp-json\/wp\/v2\/types\/post"}],"author":[{"embeddable":true,"href":"https:\/\/canaryo.net\/portal\/wp-json\/wp\/v2\/users\/443"}],"replies":[{"embeddable":true,"href":"https:\/\/canaryo.net\/portal\/wp-json\/wp\/v2\/comments?post=22683"}],"version-history":[{"count":2,"href":"https:\/\/canaryo.net\/portal\/wp-json\/wp\/v2\/posts\/22683\/revisions"}],"predecessor-version":[{"id":22695,"href":"https:\/\/canaryo.net\/portal\/wp-json\/wp\/v2\/posts\/22683\/revisions\/22695"}],"wp:featuredmedia":[{"embeddable":true,"href":"https:\/\/canaryo.net\/portal\/wp-json\/wp\/v2\/media\/22685"}],"wp:attachment":[{"href":"https:\/\/canaryo.net\/portal\/wp-json\/wp\/v2\/media?parent=22683"}],"wp:term":[{"taxonomy":"category","embeddable":true,"href":"https:\/\/canaryo.net\/portal\/wp-json\/wp\/v2\/categories?post=22683"},{"taxonomy":"post_tag","embeddable":true,"href":"https:\/\/canaryo.net\/portal\/wp-json\/wp\/v2\/tags?post=22683"}],"curies":[{"name":"wp","href":"https:\/\/api.w.org\/{rel}","templated":true}]}}