{"id":22886,"date":"2021-01-31T19:58:54","date_gmt":"2021-01-31T19:58:54","guid":{"rendered":"https:\/\/canaryo.net\/portal\/?p=22886"},"modified":"2021-02-09T20:25:25","modified_gmt":"2021-02-09T20:25:25","slug":"fluechtlingslager-las-raices-in-la-laguna-eroeffnet","status":"publish","type":"post","link":"https:\/\/canaryo.net\/portal\/fluechtlingslager-las-raices-in-la-laguna-eroeffnet\/","title":{"rendered":"Fl\u00fcchtlingslager Las Ra\u00edces in La Laguna er\u00f6ffnet"},"content":{"rendered":"\n<p>31.01.2021; Teneriffa \u2013\u00a0Die\u00a0alte Kaserne wurde seit Dezember saniert, um zu einer Unterkunft f\u00fcr 2.400 Migranten zu werden. Jetzt wurden die Arbeiten an dem vierst\u00f6ckigen\u00a0Bauwerk\u00a0abgeschlossen und das Lager nimmt n\u00e4chste Woche den Betrieb auf. Die gesamte Fl\u00e4che des Milit\u00e4rgel\u00e4ndes bel\u00e4uft sich auf 30.000\u00a0qm2\u00a0auf der mehrere\u00a0Geb\u00e4ude\u00a0stehen. Urspr\u00fcnglich waren nur 1.000\u00a0Pl\u00e4tze\u00a0geplant, doch\u00a0da, f\u00fcr\u00a0mehr Personen\u00a0Platz\u00a0ist, wird jetzt ein 8.000\u00a0qm2\u00a0gro\u00dfer Teil des Gel\u00e4ndes zus\u00e4tzlich\u00a0aufgearbeitet. Die\u00a0Einwanderer, die\u00a0sich derzeit\u00a0noch\u00a0in den Hotels auf Gran Canaria\u00a0befinden, sollen\u00a0dann kommende Woche nach Teneriffa \u00fcbersiedeln.\u00a0<\/p>\n\n\n\n<p>Bildquelle: El&nbsp;D\u00eda&nbsp;<\/p>\n\n\n\n<figure class=\"wp-block-gallery columns-0 is-cropped\"><ul class=\"blocks-gallery-grid\"><\/ul><\/figure>\n","protected":false},"excerpt":{"rendered":"<p>31.01.2021; Teneriffa \u2013\u00a0Die\u00a0alte Kaserne wurde seit Dezember saniert, um zu einer Unterkunft f\u00fcr 2.400 Migranten zu werden. Jetzt wurden die Arbeiten an dem vierst\u00f6ckigen\u00a0Bauwerk\u00a0abgeschlossen und das Lager nimmt n\u00e4chste Woche den Betrieb auf. Die gesamte Fl\u00e4che des Milit\u00e4rgel\u00e4ndes bel\u00e4uft sich auf 30.000\u00a0qm2\u00a0auf der mehrere\u00a0Geb\u00e4ude\u00a0stehen. Urspr\u00fcnglich waren nur 1.000\u00a0Pl\u00e4tze\u00a0geplant, doch\u00a0da, f\u00fcr\u00a0mehr Personen\u00a0Platz\u00a0ist, wird jetzt ein 8.000\u00a0qm2\u00a0gro\u00dfer [&hellip;]<\/p>\n","protected":false},"author":443,"featured_media":22881,"comment_status":"open","ping_status":"open","sticky":false,"template":"","format":"gallery","meta":[],"categories":[1659,440,6,573,441],"tags":[7940,8,1098,9],"_links":{"self":[{"href":"https:\/\/canaryo.net\/portal\/wp-json\/wp\/v2\/posts\/22886"}],"collection":[{"href":"https:\/\/canaryo.net\/portal\/wp-json\/wp\/v2\/posts"}],"about":[{"href":"https:\/\/canaryo.net\/portal\/wp-json\/wp\/v2\/types\/post"}],"author":[{"embeddable":true,"href":"https:\/\/canaryo.net\/portal\/wp-json\/wp\/v2\/users\/443"}],"replies":[{"embeddable":true,"href":"https:\/\/canaryo.net\/portal\/wp-json\/wp\/v2\/comments?post=22886"}],"version-history":[{"count":2,"href":"https:\/\/canaryo.net\/portal\/wp-json\/wp\/v2\/posts\/22886\/revisions"}],"predecessor-version":[{"id":22937,"href":"https:\/\/canaryo.net\/portal\/wp-json\/wp\/v2\/posts\/22886\/revisions\/22937"}],"wp:featuredmedia":[{"embeddable":true,"href":"https:\/\/canaryo.net\/portal\/wp-json\/wp\/v2\/media\/22881"}],"wp:attachment":[{"href":"https:\/\/canaryo.net\/portal\/wp-json\/wp\/v2\/media?parent=22886"}],"wp:term":[{"taxonomy":"category","embeddable":true,"href":"https:\/\/canaryo.net\/portal\/wp-json\/wp\/v2\/categories?post=22886"},{"taxonomy":"post_tag","embeddable":true,"href":"https:\/\/canaryo.net\/portal\/wp-json\/wp\/v2\/tags?post=22886"}],"curies":[{"name":"wp","href":"https:\/\/api.w.org\/{rel}","templated":true}]}}