{"id":22997,"date":"2021-02-10T16:58:34","date_gmt":"2021-02-10T16:58:34","guid":{"rendered":"https:\/\/canaryo.net\/portal\/?p=22997"},"modified":"2021-02-18T00:54:48","modified_gmt":"2021-02-18T00:54:48","slug":"wanderin-nach-sturz-in-tegueste-mittelschwer-verletzt","status":"publish","type":"post","link":"https:\/\/canaryo.net\/portal\/wanderin-nach-sturz-in-tegueste-mittelschwer-verletzt\/","title":{"rendered":"Wanderin nach Sturz in Tegueste mittelschwer verletzt"},"content":{"rendered":"\n<p>10.02.2021; Teneriffa&nbsp;\u2013&nbsp;Eine 36-j\u00e4hrige Frau ist bei einem Sturz von einem Abhang in&nbsp;Tegueste&nbsp;mittelschwer&nbsp;verletzt worden. Der Vorfall ereignete sich am Dienstagnachmittag auf dem Wanderweg von Pedro Alvarez zur Punta del Hidalgo. Die Frau konnte sich&nbsp;w\u00e4hrend&nbsp;dem Fall&nbsp;an einem Baum festhalten, dort sicherten die Feuerwehrleute ihre Position und setzten die Ma\u00dfnahmen zu ihrer Rettung fort, die aufgrund der Beschaffenheit des Gel\u00e4ndes und des Einbruchs der Nacht mehrere Stunden dauerte.&nbsp;<\/p>\n\n\n\n<p>Bildquelle: Canarias 7&nbsp;<\/p>\n\n\n\n<figure class=\"wp-block-gallery columns-0 is-cropped\"><ul class=\"blocks-gallery-grid\"><\/ul><\/figure>\n","protected":false},"excerpt":{"rendered":"<p>10.02.2021; Teneriffa&nbsp;\u2013&nbsp;Eine 36-j\u00e4hrige Frau ist bei einem Sturz von einem Abhang in&nbsp;Tegueste&nbsp;mittelschwer&nbsp;verletzt worden. Der Vorfall ereignete sich am Dienstagnachmittag auf dem Wanderweg von Pedro Alvarez zur Punta del Hidalgo. Die Frau konnte sich&nbsp;w\u00e4hrend&nbsp;dem Fall&nbsp;an einem Baum festhalten, dort sicherten die Feuerwehrleute ihre Position und setzten die Ma\u00dfnahmen zu ihrer Rettung fort, die aufgrund der Beschaffenheit [&hellip;]<\/p>\n","protected":false},"author":443,"featured_media":22994,"comment_status":"open","ping_status":"open","sticky":false,"template":"","format":"gallery","meta":[],"categories":[6,441,461],"tags":[963,1058,2798,9,1864],"_links":{"self":[{"href":"https:\/\/canaryo.net\/portal\/wp-json\/wp\/v2\/posts\/22997"}],"collection":[{"href":"https:\/\/canaryo.net\/portal\/wp-json\/wp\/v2\/posts"}],"about":[{"href":"https:\/\/canaryo.net\/portal\/wp-json\/wp\/v2\/types\/post"}],"author":[{"embeddable":true,"href":"https:\/\/canaryo.net\/portal\/wp-json\/wp\/v2\/users\/443"}],"replies":[{"embeddable":true,"href":"https:\/\/canaryo.net\/portal\/wp-json\/wp\/v2\/comments?post=22997"}],"version-history":[{"count":1,"href":"https:\/\/canaryo.net\/portal\/wp-json\/wp\/v2\/posts\/22997\/revisions"}],"predecessor-version":[{"id":22998,"href":"https:\/\/canaryo.net\/portal\/wp-json\/wp\/v2\/posts\/22997\/revisions\/22998"}],"wp:featuredmedia":[{"embeddable":true,"href":"https:\/\/canaryo.net\/portal\/wp-json\/wp\/v2\/media\/22994"}],"wp:attachment":[{"href":"https:\/\/canaryo.net\/portal\/wp-json\/wp\/v2\/media?parent=22997"}],"wp:term":[{"taxonomy":"category","embeddable":true,"href":"https:\/\/canaryo.net\/portal\/wp-json\/wp\/v2\/categories?post=22997"},{"taxonomy":"post_tag","embeddable":true,"href":"https:\/\/canaryo.net\/portal\/wp-json\/wp\/v2\/tags?post=22997"}],"curies":[{"name":"wp","href":"https:\/\/api.w.org\/{rel}","templated":true}]}}