{"id":23081,"date":"2021-02-18T17:45:27","date_gmt":"2021-02-18T17:45:27","guid":{"rendered":"https:\/\/canaryo.net\/portal\/?p=23081"},"modified":"2021-03-04T20:33:47","modified_gmt":"2021-03-04T20:33:47","slug":"flughafen-von-las-palmas-bekommt-eine-neue-rollbahn","status":"publish","type":"post","link":"https:\/\/canaryo.net\/portal\/flughafen-von-las-palmas-bekommt-eine-neue-rollbahn\/","title":{"rendered":"Flughafen von Las Palmas bekommt eine neue Startbahn"},"content":{"rendered":"\n<p>18.02.2021;&nbsp;Gran Canaria \u2013&nbsp;Die&nbsp;Bauarbeiten f\u00fcr die Start- und Landebahn inklusive Zufahrtsstra\u00dfe sollen im Sommer 2021 beginnen. Das Unternehmen&nbsp;Ferrovial&nbsp;Adrom\u00e1n&nbsp;hatte den Zuschlag im August 2019 f\u00fcr 13,94 Millionen Euro erhalten. Die geplante Bauzeit betr\u00e4gt 20 Monate und der normale Flugbetrieb soll w\u00e4hrenddessen nicht beeintr\u00e4chtigt werden. Die Bahn soll 3.100 Meter lang werden und die Wartezeiten zur Starterlaubnis verk\u00fcrzen.&nbsp;<\/p>\n\n\n\n<p>Bildquelle: Symbolbild&nbsp;<\/p>\n\n\n\n<figure class=\"wp-block-gallery columns-0 is-cropped\"><ul class=\"blocks-gallery-grid\"><\/ul><\/figure>\n","protected":false},"excerpt":{"rendered":"<p>18.02.2021;&nbsp;Gran Canaria \u2013&nbsp;Die&nbsp;Bauarbeiten f\u00fcr die Start- und Landebahn inklusive Zufahrtsstra\u00dfe sollen im Sommer 2021 beginnen. Das Unternehmen&nbsp;Ferrovial&nbsp;Adrom\u00e1n&nbsp;hatte den Zuschlag im August 2019 f\u00fcr 13,94 Millionen Euro erhalten. Die geplante Bauzeit betr\u00e4gt 20 Monate und der normale Flugbetrieb soll w\u00e4hrenddessen nicht beeintr\u00e4chtigt werden. Die Bahn soll 3.100 Meter lang werden und die Wartezeiten zur Starterlaubnis verk\u00fcrzen.&nbsp; [&hellip;]<\/p>\n","protected":false},"author":443,"featured_media":21139,"comment_status":"open","ping_status":"open","sticky":false,"template":"","format":"gallery","meta":[],"categories":[1659,440,449,6],"tags":[7990,7989,473,8],"_links":{"self":[{"href":"https:\/\/canaryo.net\/portal\/wp-json\/wp\/v2\/posts\/23081"}],"collection":[{"href":"https:\/\/canaryo.net\/portal\/wp-json\/wp\/v2\/posts"}],"about":[{"href":"https:\/\/canaryo.net\/portal\/wp-json\/wp\/v2\/types\/post"}],"author":[{"embeddable":true,"href":"https:\/\/canaryo.net\/portal\/wp-json\/wp\/v2\/users\/443"}],"replies":[{"embeddable":true,"href":"https:\/\/canaryo.net\/portal\/wp-json\/wp\/v2\/comments?post=23081"}],"version-history":[{"count":2,"href":"https:\/\/canaryo.net\/portal\/wp-json\/wp\/v2\/posts\/23081\/revisions"}],"predecessor-version":[{"id":23086,"href":"https:\/\/canaryo.net\/portal\/wp-json\/wp\/v2\/posts\/23081\/revisions\/23086"}],"wp:featuredmedia":[{"embeddable":true,"href":"https:\/\/canaryo.net\/portal\/wp-json\/wp\/v2\/media\/21139"}],"wp:attachment":[{"href":"https:\/\/canaryo.net\/portal\/wp-json\/wp\/v2\/media?parent=23081"}],"wp:term":[{"taxonomy":"category","embeddable":true,"href":"https:\/\/canaryo.net\/portal\/wp-json\/wp\/v2\/categories?post=23081"},{"taxonomy":"post_tag","embeddable":true,"href":"https:\/\/canaryo.net\/portal\/wp-json\/wp\/v2\/tags?post=23081"}],"curies":[{"name":"wp","href":"https:\/\/api.w.org\/{rel}","templated":true}]}}