{"id":23103,"date":"2021-02-20T20:12:16","date_gmt":"2021-02-20T20:12:16","guid":{"rendered":"https:\/\/canaryo.net\/portal\/?p=23103"},"modified":"2021-03-04T20:34:09","modified_gmt":"2021-03-04T20:34:09","slug":"zwei-waerter-im-gefaengnis-las-palmas-ii-verletzt","status":"publish","type":"post","link":"https:\/\/canaryo.net\/portal\/zwei-waerter-im-gefaengnis-las-palmas-ii-verletzt\/","title":{"rendered":"Zwei W\u00e4rter im Gef\u00e4ngnis Las Palmas II verletzt"},"content":{"rendered":"\n<p>20.02.2021;&nbsp;Gran Canaria&nbsp;\u2013&nbsp;Die F\u00f6deration der B\u00fcrgerdienste der&nbsp;Kanarischen&nbsp;Arbeiterkommissionen&nbsp;(FSC-CCOO)&nbsp;berichtete am Donnerstag von einem neuen Angriff, diesmal auf zwei&nbsp;Beamte durch&nbsp;einen&nbsp;H\u00e4ftling&nbsp;im Gef\u00e4ngnis von&nbsp;Las Palmas II. Immer wieder kommen laut der Gewerkschaft solche F\u00e4lle vor, da es an Personal mangelt, anders sei es nicht zu&nbsp;erkl\u00e4ren,&nbsp;das&nbsp;zwei W\u00e4chter f\u00fcr 95&nbsp;Gefangene&nbsp;zust\u00e4ndig sind. W\u00e4hrend einer Z\u00e4hlung in Modul 11 nahm einer der Insassen einen&nbsp;Besenstiel,&nbsp;zerbrach ihn und ging auf die beiden Aufseher los. Als Resultat hatte einer von ihnen eine gebrochene Nase, w\u00e4hrend&nbsp;der&nbsp;andere&nbsp;Prellungen&nbsp;am ganzen K\u00f6rper&nbsp;hatte.&nbsp;<\/p>\n\n\n\n<p>Bildquelle:&nbsp;Diario&nbsp;de&nbsp;Avisos&nbsp;<\/p>\n\n\n\n<figure class=\"wp-block-gallery columns-0 is-cropped\"><ul class=\"blocks-gallery-grid\"><\/ul><\/figure>\n","protected":false},"excerpt":{"rendered":"<p>20.02.2021;&nbsp;Gran Canaria&nbsp;\u2013&nbsp;Die F\u00f6deration der B\u00fcrgerdienste der&nbsp;Kanarischen&nbsp;Arbeiterkommissionen&nbsp;(FSC-CCOO)&nbsp;berichtete am Donnerstag von einem neuen Angriff, diesmal auf zwei&nbsp;Beamte durch&nbsp;einen&nbsp;H\u00e4ftling&nbsp;im Gef\u00e4ngnis von&nbsp;Las Palmas II. Immer wieder kommen laut der Gewerkschaft solche F\u00e4lle vor, da es an Personal mangelt, anders sei es nicht zu&nbsp;erkl\u00e4ren,&nbsp;das&nbsp;zwei W\u00e4chter f\u00fcr 95&nbsp;Gefangene&nbsp;zust\u00e4ndig sind. W\u00e4hrend einer Z\u00e4hlung in Modul 11 nahm einer der Insassen einen&nbsp;Besenstiel,&nbsp;zerbrach ihn [&hellip;]<\/p>\n","protected":false},"author":443,"featured_media":23104,"comment_status":"open","ping_status":"open","sticky":false,"template":"","format":"gallery","meta":[],"categories":[440,494,6],"tags":[8,4004,3513,700,5501],"_links":{"self":[{"href":"https:\/\/canaryo.net\/portal\/wp-json\/wp\/v2\/posts\/23103"}],"collection":[{"href":"https:\/\/canaryo.net\/portal\/wp-json\/wp\/v2\/posts"}],"about":[{"href":"https:\/\/canaryo.net\/portal\/wp-json\/wp\/v2\/types\/post"}],"author":[{"embeddable":true,"href":"https:\/\/canaryo.net\/portal\/wp-json\/wp\/v2\/users\/443"}],"replies":[{"embeddable":true,"href":"https:\/\/canaryo.net\/portal\/wp-json\/wp\/v2\/comments?post=23103"}],"version-history":[{"count":2,"href":"https:\/\/canaryo.net\/portal\/wp-json\/wp\/v2\/posts\/23103\/revisions"}],"predecessor-version":[{"id":23106,"href":"https:\/\/canaryo.net\/portal\/wp-json\/wp\/v2\/posts\/23103\/revisions\/23106"}],"wp:featuredmedia":[{"embeddable":true,"href":"https:\/\/canaryo.net\/portal\/wp-json\/wp\/v2\/media\/23104"}],"wp:attachment":[{"href":"https:\/\/canaryo.net\/portal\/wp-json\/wp\/v2\/media?parent=23103"}],"wp:term":[{"taxonomy":"category","embeddable":true,"href":"https:\/\/canaryo.net\/portal\/wp-json\/wp\/v2\/categories?post=23103"},{"taxonomy":"post_tag","embeddable":true,"href":"https:\/\/canaryo.net\/portal\/wp-json\/wp\/v2\/tags?post=23103"}],"curies":[{"name":"wp","href":"https:\/\/api.w.org\/{rel}","templated":true}]}}