{"id":23694,"date":"2021-04-12T19:11:13","date_gmt":"2021-04-12T19:11:13","guid":{"rendered":"https:\/\/canaryo.net\/portal\/?p=23694"},"modified":"2021-04-21T00:49:37","modified_gmt":"2021-04-21T00:49:37","slug":"binter-kuendigt-neue-internationale-flugverbindungen-an","status":"publish","type":"post","link":"https:\/\/canaryo.net\/portal\/binter-kuendigt-neue-internationale-flugverbindungen-an\/","title":{"rendered":"Binter k\u00fcndigt neue internationale Flugverbindungen an"},"content":{"rendered":"\n<p>12.04.2021; Kanaren \u2013&nbsp;Die kanarische Fluggesellschaft hat letzten Donnerstag sechs neue Flugstrecken von Gran Canaria ab dem 1. Juli bekannt gegeben. F\u00fcnf der neuen Strecken haben internationale Ziele und eine geht auf das spanische Festland. Der Pr\u00e4sident&nbsp;von&nbsp;Binter, Rodolfo&nbsp;Nu\u00f1ez&nbsp;erkl\u00e4rte auf einer Pressekonferenz,&nbsp;dass&nbsp;die Airline die Kanarischen Inseln n\u00e4her an Europa bringen wird. Bis auf die Strecke nach Marseille sollen alle Ziele zweimal w\u00f6chentlich angeflogen werden. Der Generaldirektor Juan&nbsp;Ramsden&nbsp;f\u00fcgte hinzu, dass mit den neuen Strecken trotz&nbsp;Pandemie, 600.000 Sitzpl\u00e4tze pro Jahr von dem Unternehmen angeboten werden und das, dass Ziel sei, alle Inseln mit den gleichen Flugrouten ins Programm zu nehmen.&nbsp;<\/p>\n\n\n\n<p>Neue Strecken: Gran Canaria -&gt;&nbsp;Reus (Tarragona, Spanien), Marseille (Frankreich), Toulouse (Frankreich), Lille (Frankreich), Turin (Italien), Venedig (Italien)&nbsp;<\/p>\n\n\n\n<p>Bildquelle: Symbolbild&nbsp;<\/p>\n\n\n\n<figure class=\"wp-block-gallery columns-0 is-cropped\"><ul class=\"blocks-gallery-grid\"><\/ul><\/figure>\n","protected":false},"excerpt":{"rendered":"<p>12.04.2021; Kanaren \u2013&nbsp;Die kanarische Fluggesellschaft hat letzten Donnerstag sechs neue Flugstrecken von Gran Canaria ab dem 1. Juli bekannt gegeben. F\u00fcnf der neuen Strecken haben internationale Ziele und eine geht auf das spanische Festland. Der Pr\u00e4sident&nbsp;von&nbsp;Binter, Rodolfo&nbsp;Nu\u00f1ez&nbsp;erkl\u00e4rte auf einer Pressekonferenz,&nbsp;dass&nbsp;die Airline die Kanarischen Inseln n\u00e4her an Europa bringen wird. Bis auf die Strecke nach Marseille [&hellip;]<\/p>\n","protected":false},"author":443,"featured_media":23487,"comment_status":"open","ping_status":"open","sticky":false,"template":"","format":"gallery","meta":[],"categories":[446,442,440,444,3586,445,443,449,6,441,457],"tags":[1266,1265,8,476],"_links":{"self":[{"href":"https:\/\/canaryo.net\/portal\/wp-json\/wp\/v2\/posts\/23694"}],"collection":[{"href":"https:\/\/canaryo.net\/portal\/wp-json\/wp\/v2\/posts"}],"about":[{"href":"https:\/\/canaryo.net\/portal\/wp-json\/wp\/v2\/types\/post"}],"author":[{"embeddable":true,"href":"https:\/\/canaryo.net\/portal\/wp-json\/wp\/v2\/users\/443"}],"replies":[{"embeddable":true,"href":"https:\/\/canaryo.net\/portal\/wp-json\/wp\/v2\/comments?post=23694"}],"version-history":[{"count":1,"href":"https:\/\/canaryo.net\/portal\/wp-json\/wp\/v2\/posts\/23694\/revisions"}],"predecessor-version":[{"id":23695,"href":"https:\/\/canaryo.net\/portal\/wp-json\/wp\/v2\/posts\/23694\/revisions\/23695"}],"wp:featuredmedia":[{"embeddable":true,"href":"https:\/\/canaryo.net\/portal\/wp-json\/wp\/v2\/media\/23487"}],"wp:attachment":[{"href":"https:\/\/canaryo.net\/portal\/wp-json\/wp\/v2\/media?parent=23694"}],"wp:term":[{"taxonomy":"category","embeddable":true,"href":"https:\/\/canaryo.net\/portal\/wp-json\/wp\/v2\/categories?post=23694"},{"taxonomy":"post_tag","embeddable":true,"href":"https:\/\/canaryo.net\/portal\/wp-json\/wp\/v2\/tags?post=23694"}],"curies":[{"name":"wp","href":"https:\/\/api.w.org\/{rel}","templated":true}]}}