{"id":23999,"date":"2021-05-05T16:07:49","date_gmt":"2021-05-05T16:07:49","guid":{"rendered":"https:\/\/canaryo.net\/portal\/?p=23999"},"modified":"2021-05-13T19:04:41","modified_gmt":"2021-05-13T19:04:41","slug":"slum-von-el-pajar-grundstuecksbesitzer-beantragt-raeumung","status":"publish","type":"post","link":"https:\/\/canaryo.net\/portal\/slum-von-el-pajar-grundstuecksbesitzer-beantragt-raeumung\/","title":{"rendered":"Slum von El Pajar &#8211; Grundst\u00fccksbesitzer beantragt R\u00e4umung"},"content":{"rendered":"\n<p>05.05.2021; Gran Canaria \u2013 Die Familie, die das Grundst\u00fcck von El Pajar besitzt, in dem im letzten Jahr ein Dorf aus selbst gebauten Notunterk\u00fcnften gewachsen ist, beantragt die R\u00e4umung des Grundst\u00fccks vor dem Gericht in San Bartolom\u00e9 de Tirajana. Pedro del Castillo, einer der Besitzer, weist darauf hin, dass die Ersten, die sich auf diesem Grundst\u00fcck niederlie\u00dfen, im Juni 2020 ankamen und dass es innerhalb k\u00fcrzester Zeit immer mehr wurden. Er argumentiert, dass es zwar Menschen geben mag, die hiergeblieben sind, weil sie durch Covid obdachlos geworden sind, aber &#8220;viele von denen, die sich niedergelassen haben, nutzen sie als Wochenendwohnungen&#8221;. Daher ordnete das Gericht eine Untersuchung an, um festzustellen, ob auf diesem Grundst\u00fcck illegal H\u00e4user gebaut wurden und eine Z\u00e4hlung der Menschen, die es besetzten. Im M\u00e4rz 2021 wurden etwa 112 Personen und 58 Buden gez\u00e4hlt. Angesichts der m\u00f6glichen bevorstehenden R\u00e4umung versuchen der Stadtrat und das Ministerium f\u00fcr soziale Rechte, die Ressourcen zu koordinieren und nach Wohnungsalternativen zu suchen, f\u00fcr diejenigen, die nirgendwo hingehen k\u00f6nnen.<\/p>\n\n\n\n<p>Bildquelle: Canarias 7<\/p>\n\n\n\n<figure class=\"wp-block-gallery columns-0 is-cropped\"><ul class=\"blocks-gallery-grid\"><\/ul><\/figure>\n","protected":false},"excerpt":{"rendered":"<p>05.05.2021; Gran Canaria \u2013 Die Familie, die das Grundst\u00fcck von El Pajar besitzt, in dem im letzten Jahr ein Dorf aus selbst gebauten Notunterk\u00fcnften gewachsen ist, beantragt die R\u00e4umung des Grundst\u00fccks vor dem Gericht in San Bartolom\u00e9 de Tirajana. Pedro del Castillo, einer der Besitzer, weist darauf hin, dass die Ersten, die sich auf diesem [&hellip;]<\/p>\n","protected":false},"author":443,"featured_media":23994,"comment_status":"open","ping_status":"open","sticky":false,"template":"","format":"gallery","meta":[],"categories":[1659,440,494,6],"tags":[8168,8,8194,1283],"_links":{"self":[{"href":"https:\/\/canaryo.net\/portal\/wp-json\/wp\/v2\/posts\/23999"}],"collection":[{"href":"https:\/\/canaryo.net\/portal\/wp-json\/wp\/v2\/posts"}],"about":[{"href":"https:\/\/canaryo.net\/portal\/wp-json\/wp\/v2\/types\/post"}],"author":[{"embeddable":true,"href":"https:\/\/canaryo.net\/portal\/wp-json\/wp\/v2\/users\/443"}],"replies":[{"embeddable":true,"href":"https:\/\/canaryo.net\/portal\/wp-json\/wp\/v2\/comments?post=23999"}],"version-history":[{"count":2,"href":"https:\/\/canaryo.net\/portal\/wp-json\/wp\/v2\/posts\/23999\/revisions"}],"predecessor-version":[{"id":24011,"href":"https:\/\/canaryo.net\/portal\/wp-json\/wp\/v2\/posts\/23999\/revisions\/24011"}],"wp:featuredmedia":[{"embeddable":true,"href":"https:\/\/canaryo.net\/portal\/wp-json\/wp\/v2\/media\/23994"}],"wp:attachment":[{"href":"https:\/\/canaryo.net\/portal\/wp-json\/wp\/v2\/media?parent=23999"}],"wp:term":[{"taxonomy":"category","embeddable":true,"href":"https:\/\/canaryo.net\/portal\/wp-json\/wp\/v2\/categories?post=23999"},{"taxonomy":"post_tag","embeddable":true,"href":"https:\/\/canaryo.net\/portal\/wp-json\/wp\/v2\/tags?post=23999"}],"curies":[{"name":"wp","href":"https:\/\/api.w.org\/{rel}","templated":true}]}}