{"id":24093,"date":"2021-05-15T13:33:00","date_gmt":"2021-05-15T13:33:00","guid":{"rendered":"https:\/\/canaryo.net\/portal\/?p=24093"},"modified":"2021-05-26T13:03:39","modified_gmt":"2021-05-26T13:03:39","slug":"jugendarbeitslosigkeit-auf-teneriffa-so-hoch-wie-nie","status":"publish","type":"post","link":"https:\/\/canaryo.net\/portal\/jugendarbeitslosigkeit-auf-teneriffa-so-hoch-wie-nie\/","title":{"rendered":"Jugendarbeitslosigkeit auf Teneriffa so hoch wie nie"},"content":{"rendered":"\n<p>15.05.2021; Teneriffa \u2013 Die Arbeitslosenquote unter den 16-25-j\u00e4hrigen auf Teneriffa liegt laut der j\u00fcngsten Arbeitskr\u00e4fteerhebung inzwischen bei 90 %. Damit haben die Kanaren einen landesweiten Negativ-Rekord aufgestellt. Wenn man nur die Frauen betrachtet, liegt die Quote sogar bei fast 100 %. Laut den Gewerkschaften muss die Regierung handeln, da die Situation sonst zu einem langfristigen Problem werden k\u00f6nne. Es m\u00fcsse mehr in die Bildung der Jugendlichen investiert werden. Ebenfalls w\u00fcrde es den Heranwachsenden an Motivation mangeln. Laut dem kanarischen Arbeitsamt m\u00fcssen sich junge Menschen auch bewegen um eine Arbeit zu bekommen. Oft g\u00e4be es Programme f\u00fcr diese Gruppe, die aber aus Unwissenheit nicht genutzt werden. Daher muss auch auf die Eigenverantwortung der jungen Menschen, um beispielsweise einen akademischen oder beruflichen Abschluss zu erhalten hingewiesen werden.<\/p>\n\n\n\n<p>Bildquelle: El Dia<\/p>\n\n\n\n<figure class=\"wp-block-gallery columns-0 is-cropped\"><ul class=\"blocks-gallery-grid\"><\/ul><\/figure>\n","protected":false},"excerpt":{"rendered":"<p>15.05.2021; Teneriffa \u2013 Die Arbeitslosenquote unter den 16-25-j\u00e4hrigen auf Teneriffa liegt laut der j\u00fcngsten Arbeitskr\u00e4fteerhebung inzwischen bei 90 %. Damit haben die Kanaren einen landesweiten Negativ-Rekord aufgestellt. Wenn man nur die Frauen betrachtet, liegt die Quote sogar bei fast 100 %. Laut den Gewerkschaften muss die Regierung handeln, da die Situation sonst zu einem langfristigen [&hellip;]<\/p>\n","protected":false},"author":443,"featured_media":24087,"comment_status":"open","ping_status":"open","sticky":false,"template":"","format":"gallery","meta":[],"categories":[1658,6,441,451],"tags":[7493,8210,9],"_links":{"self":[{"href":"https:\/\/canaryo.net\/portal\/wp-json\/wp\/v2\/posts\/24093"}],"collection":[{"href":"https:\/\/canaryo.net\/portal\/wp-json\/wp\/v2\/posts"}],"about":[{"href":"https:\/\/canaryo.net\/portal\/wp-json\/wp\/v2\/types\/post"}],"author":[{"embeddable":true,"href":"https:\/\/canaryo.net\/portal\/wp-json\/wp\/v2\/users\/443"}],"replies":[{"embeddable":true,"href":"https:\/\/canaryo.net\/portal\/wp-json\/wp\/v2\/comments?post=24093"}],"version-history":[{"count":1,"href":"https:\/\/canaryo.net\/portal\/wp-json\/wp\/v2\/posts\/24093\/revisions"}],"predecessor-version":[{"id":24094,"href":"https:\/\/canaryo.net\/portal\/wp-json\/wp\/v2\/posts\/24093\/revisions\/24094"}],"wp:featuredmedia":[{"embeddable":true,"href":"https:\/\/canaryo.net\/portal\/wp-json\/wp\/v2\/media\/24087"}],"wp:attachment":[{"href":"https:\/\/canaryo.net\/portal\/wp-json\/wp\/v2\/media?parent=24093"}],"wp:term":[{"taxonomy":"category","embeddable":true,"href":"https:\/\/canaryo.net\/portal\/wp-json\/wp\/v2\/categories?post=24093"},{"taxonomy":"post_tag","embeddable":true,"href":"https:\/\/canaryo.net\/portal\/wp-json\/wp\/v2\/tags?post=24093"}],"curies":[{"name":"wp","href":"https:\/\/api.w.org\/{rel}","templated":true}]}}