{"id":24149,"date":"2021-05-22T17:19:43","date_gmt":"2021-05-22T17:19:43","guid":{"rendered":"https:\/\/canaryo.net\/portal\/?p=24149"},"modified":"2021-05-30T14:45:32","modified_gmt":"2021-05-30T14:45:32","slug":"der-brand-auf-teneriffa-erstreckt-sich-bereits-auf-eine-flaeche-von-3-300-hektar","status":"publish","type":"post","link":"https:\/\/canaryo.net\/portal\/der-brand-auf-teneriffa-erstreckt-sich-bereits-auf-eine-flaeche-von-3-300-hektar\/","title":{"rendered":"Waldbrand auf Teneriffa erstreckt sich bereits auf 3.300 Hektar"},"content":{"rendered":"\n<p>22.05.2021; Kanaren \u2013 Der Waldbrand, der am Donnerstag um 11. 45 Uhr in Arico begann, erstreckt sich bereits auf eine Fl\u00e4che von 3.300 Hektar mit einem Umkreis von 27 Kilometern und die Arbeiten konzentrieren sich darauf, dass der Brand sich nicht weiter ausbreitet. Das Feuer hat sich in der Nacht bis zum Barranco del Rio ausgedehnt und die L\u00f6scharbeiten sind auf die linke Seite konzentriert mit Luftunterst\u00fctzung. Die Verantwortlichen haben mitgeteilt &nbsp;dass sich die Brandsituation gegen\u00fcber gestern verbessert habe, die Gefahr aber noch nicht verschwunden sei. Das Feuer ist immer noch nicht unter Kontrolle, obwohl es den Einsatzkr\u00e4ften gelungen ist, die Flammen innerhalb der Gemeinde einzud\u00e4mmen. Die L\u00f6schflugzeuge haben heute fr\u00fch die L\u00f6scharbeiten f\u00fcr den Waldbrand wieder aufgenommen. Die Bodentruppen haben die ganze Nacht auf beiden Seiten durchgearbeitet. Insgesamt haben in der Nacht von Freitag auf Samstag rund 130 Personen und am Tag etwa 300 Personen sowie f\u00fcnf Hubschrauber und zwei Wasserflugzeuge gegen die Flammen gek\u00e4mpft. Was den Nationalpark betrifft, so hat das Feuer am Freitag die Grenzen des Parks \u00fcberschritten, aber gl\u00fccklicherweise ist die Gefahr gering, denn das Gel\u00e4nde selbst sorgt daf\u00fcr, dass die Flammen kein Feuer haben, sondern fast von selbst gel\u00f6scht werden. Die Arbeit des gesamten Boden- und Luftpersonals, sowie die f\u00fcr morgen erwartete \u00c4nderung der Wetterbedingungen mit einem Anstieg der Luftfeuchtigkeit und einem leichten Temperaturr\u00fcckgang deuten auf eine g\u00fcnstige Brandbek\u00e4mpfung hin, obwohl es weiterhin stark windig in der Region bleibt, so die kanarische Regierung in einer Erkl\u00e4rung.<\/p>\n\n\n\n<p>Bildquelle: El Mundo<\/p>\n\n\n\n<figure class=\"wp-block-gallery columns-0 is-cropped\"><ul class=\"blocks-gallery-grid\"><\/ul><\/figure>\n","protected":false},"excerpt":{"rendered":"<p>22.05.2021; Kanaren \u2013 Der Waldbrand, der am Donnerstag um 11. 45 Uhr in Arico begann, erstreckt sich bereits auf eine Fl\u00e4che von 3.300 Hektar mit einem Umkreis von 27 Kilometern und die Arbeiten konzentrieren sich darauf, dass der Brand sich nicht weiter ausbreitet. Das Feuer hat sich in der Nacht bis zum Barranco del Rio [&hellip;]<\/p>\n","protected":false},"author":443,"featured_media":24150,"comment_status":"open","ping_status":"open","sticky":false,"template":"","format":"gallery","meta":[],"categories":[6,441,461],"tags":[1154,9,1843],"_links":{"self":[{"href":"https:\/\/canaryo.net\/portal\/wp-json\/wp\/v2\/posts\/24149"}],"collection":[{"href":"https:\/\/canaryo.net\/portal\/wp-json\/wp\/v2\/posts"}],"about":[{"href":"https:\/\/canaryo.net\/portal\/wp-json\/wp\/v2\/types\/post"}],"author":[{"embeddable":true,"href":"https:\/\/canaryo.net\/portal\/wp-json\/wp\/v2\/users\/443"}],"replies":[{"embeddable":true,"href":"https:\/\/canaryo.net\/portal\/wp-json\/wp\/v2\/comments?post=24149"}],"version-history":[{"count":2,"href":"https:\/\/canaryo.net\/portal\/wp-json\/wp\/v2\/posts\/24149\/revisions"}],"predecessor-version":[{"id":24152,"href":"https:\/\/canaryo.net\/portal\/wp-json\/wp\/v2\/posts\/24149\/revisions\/24152"}],"wp:featuredmedia":[{"embeddable":true,"href":"https:\/\/canaryo.net\/portal\/wp-json\/wp\/v2\/media\/24150"}],"wp:attachment":[{"href":"https:\/\/canaryo.net\/portal\/wp-json\/wp\/v2\/media?parent=24149"}],"wp:term":[{"taxonomy":"category","embeddable":true,"href":"https:\/\/canaryo.net\/portal\/wp-json\/wp\/v2\/categories?post=24149"},{"taxonomy":"post_tag","embeddable":true,"href":"https:\/\/canaryo.net\/portal\/wp-json\/wp\/v2\/tags?post=24149"}],"curies":[{"name":"wp","href":"https:\/\/api.w.org\/{rel}","templated":true}]}}