{"id":24262,"date":"2021-06-01T16:39:08","date_gmt":"2021-06-01T16:39:08","guid":{"rendered":"https:\/\/canaryo.net\/portal\/?p=24262"},"modified":"2021-06-08T21:01:28","modified_gmt":"2021-06-08T21:01:28","slug":"shakira-dreht-einen-videoclip-im-sueden-von-teneriffa","status":"publish","type":"post","link":"https:\/\/canaryo.net\/portal\/shakira-dreht-einen-videoclip-im-sueden-von-teneriffa\/","title":{"rendered":"Shakira dreht einen Videoclip im S\u00fcden von Teneriffa"},"content":{"rendered":"\n<p>01.06.2021; Teneriffa \u2013 Der internationale Star Shakira wird sein n\u00e4chstes Musikvideo am Strand im S\u00fcden von Teneriffa drehen. Die Aufnahmen sind f\u00fcr den 6. Juni geplant und es soll entweder der Playa de Amba in Gu\u00eda de Isora oder der Playa del Duque in Adeje werden. Des Weiteren ist ein Werbe-Akt f\u00fcr den Siam Park eingeplant, wobei die S\u00e4ngerin ihre F\u00e4higkeiten als Surferin unter Beweis stellen wird. Die erfolgreiche K\u00fcnstlerin blickt auf eine mehr als 28-j\u00e4hrige Karriere und mehr als 75 Millionen verkaufte Alben.<\/p>\n\n\n\n<p>Bildquelle: Canarias en Red<\/p>\n\n\n\n<figure class=\"wp-block-gallery columns-0 is-cropped\"><ul class=\"blocks-gallery-grid\"><\/ul><\/figure>\n","protected":false},"excerpt":{"rendered":"<p>01.06.2021; Teneriffa \u2013 Der internationale Star Shakira wird sein n\u00e4chstes Musikvideo am Strand im S\u00fcden von Teneriffa drehen. Die Aufnahmen sind f\u00fcr den 6. Juni geplant und es soll entweder der Playa de Amba in Gu\u00eda de Isora oder der Playa del Duque in Adeje werden. Des Weiteren ist ein Werbe-Akt f\u00fcr den Siam Park [&hellip;]<\/p>\n","protected":false},"author":443,"featured_media":24256,"comment_status":"open","ping_status":"open","sticky":false,"template":"","format":"gallery","meta":[],"categories":[6,441,469],"tags":[8232,9,8174],"_links":{"self":[{"href":"https:\/\/canaryo.net\/portal\/wp-json\/wp\/v2\/posts\/24262"}],"collection":[{"href":"https:\/\/canaryo.net\/portal\/wp-json\/wp\/v2\/posts"}],"about":[{"href":"https:\/\/canaryo.net\/portal\/wp-json\/wp\/v2\/types\/post"}],"author":[{"embeddable":true,"href":"https:\/\/canaryo.net\/portal\/wp-json\/wp\/v2\/users\/443"}],"replies":[{"embeddable":true,"href":"https:\/\/canaryo.net\/portal\/wp-json\/wp\/v2\/comments?post=24262"}],"version-history":[{"count":1,"href":"https:\/\/canaryo.net\/portal\/wp-json\/wp\/v2\/posts\/24262\/revisions"}],"predecessor-version":[{"id":24263,"href":"https:\/\/canaryo.net\/portal\/wp-json\/wp\/v2\/posts\/24262\/revisions\/24263"}],"wp:featuredmedia":[{"embeddable":true,"href":"https:\/\/canaryo.net\/portal\/wp-json\/wp\/v2\/media\/24256"}],"wp:attachment":[{"href":"https:\/\/canaryo.net\/portal\/wp-json\/wp\/v2\/media?parent=24262"}],"wp:term":[{"taxonomy":"category","embeddable":true,"href":"https:\/\/canaryo.net\/portal\/wp-json\/wp\/v2\/categories?post=24262"},{"taxonomy":"post_tag","embeddable":true,"href":"https:\/\/canaryo.net\/portal\/wp-json\/wp\/v2\/tags?post=24262"}],"curies":[{"name":"wp","href":"https:\/\/api.w.org\/{rel}","templated":true}]}}