{"id":25121,"date":"2021-08-17T14:38:37","date_gmt":"2021-08-17T14:38:37","guid":{"rendered":"https:\/\/canaryo.net\/portal\/?p=25121"},"modified":"2021-08-24T19:29:32","modified_gmt":"2021-08-24T19:29:32","slug":"abwasserfluss-fliesst-strasse-in-gueimar-hinab","status":"publish","type":"post","link":"https:\/\/canaryo.net\/portal\/abwasserfluss-fliesst-strasse-in-gueimar-hinab\/","title":{"rendered":"Abwasserfluss flie\u00dft auf Stra\u00dfe in G\u00fcimar hinab"},"content":{"rendered":"\n<p>17.08.2021; Teneriffa \u2013 Das hatte den Einwohnern in G\u00fcimar w\u00e4hrend der Hitzewelle gerade noch gefehlt: wegen dem Gestank, den ein Abwasserfluss produzierte, der vergangenen Freitagmittag die Avenida Tom\u00e1s Cruz, oberhalb des Friedhofs herunterfloss, nicht die Fenster \u00f6ffnen zu k\u00f6nnen. Zweieinhalb Stunden dauerte es, bis das hygienische Problem von den Stadtwerken behoben worden konnte. Der stinkende Wasserfluss wurde durch ein Leck in einem Abwasserrohr an der Ecke der Calle La Laguna mit der Avenida Tom\u00e1s Cruz verursacht und durch Anwohner gemeldet. G\u00fcimar ist die Gemeinde mit dem h\u00f6chsten Anteil an Abwasserk\u00e4nalen der Region, die jedoch zu einem gro\u00dfen Teil saniert werden m\u00fcssen wenn demn\u00e4chst die Kl\u00e4ranlage in Arafo in Betrieb genommen wird.<\/p>\n\n\n\n<p>Bildquelle: Diario de Avisos<\/p>\n\n\n\n<figure class=\"wp-block-gallery columns-0 is-cropped\"><ul class=\"blocks-gallery-grid\"><\/ul><\/figure>\n","protected":false},"excerpt":{"rendered":"<p>17.08.2021; Teneriffa \u2013 Das hatte den Einwohnern in G\u00fcimar w\u00e4hrend der Hitzewelle gerade noch gefehlt: wegen dem Gestank, den ein Abwasserfluss produzierte, der vergangenen Freitagmittag die Avenida Tom\u00e1s Cruz, oberhalb des Friedhofs herunterfloss, nicht die Fenster \u00f6ffnen zu k\u00f6nnen. Zweieinhalb Stunden dauerte es, bis das hygienische Problem von den Stadtwerken behoben worden konnte. Der stinkende [&hellip;]<\/p>\n","protected":false},"author":443,"featured_media":25124,"comment_status":"open","ping_status":"open","sticky":false,"template":"","format":"gallery","meta":[],"categories":[1659,1658,6,441],"tags":[6855,4206,655,8386,9],"_links":{"self":[{"href":"https:\/\/canaryo.net\/portal\/wp-json\/wp\/v2\/posts\/25121"}],"collection":[{"href":"https:\/\/canaryo.net\/portal\/wp-json\/wp\/v2\/posts"}],"about":[{"href":"https:\/\/canaryo.net\/portal\/wp-json\/wp\/v2\/types\/post"}],"author":[{"embeddable":true,"href":"https:\/\/canaryo.net\/portal\/wp-json\/wp\/v2\/users\/443"}],"replies":[{"embeddable":true,"href":"https:\/\/canaryo.net\/portal\/wp-json\/wp\/v2\/comments?post=25121"}],"version-history":[{"count":3,"href":"https:\/\/canaryo.net\/portal\/wp-json\/wp\/v2\/posts\/25121\/revisions"}],"predecessor-version":[{"id":25132,"href":"https:\/\/canaryo.net\/portal\/wp-json\/wp\/v2\/posts\/25121\/revisions\/25132"}],"wp:featuredmedia":[{"embeddable":true,"href":"https:\/\/canaryo.net\/portal\/wp-json\/wp\/v2\/media\/25124"}],"wp:attachment":[{"href":"https:\/\/canaryo.net\/portal\/wp-json\/wp\/v2\/media?parent=25121"}],"wp:term":[{"taxonomy":"category","embeddable":true,"href":"https:\/\/canaryo.net\/portal\/wp-json\/wp\/v2\/categories?post=25121"},{"taxonomy":"post_tag","embeddable":true,"href":"https:\/\/canaryo.net\/portal\/wp-json\/wp\/v2\/tags?post=25121"}],"curies":[{"name":"wp","href":"https:\/\/api.w.org\/{rel}","templated":true}]}}