{"id":25127,"date":"2021-08-17T14:41:41","date_gmt":"2021-08-17T14:41:41","guid":{"rendered":"https:\/\/canaryo.net\/portal\/?p=25127"},"modified":"2021-08-26T01:19:42","modified_gmt":"2021-08-26T01:19:42","slug":"angestellte-von-groundforce-kuendigen-streiks-an","status":"publish","type":"post","link":"https:\/\/canaryo.net\/portal\/angestellte-von-groundforce-kuendigen-streiks-an\/","title":{"rendered":"Angestellte von Groundforce k\u00fcndigen Streiks an"},"content":{"rendered":"\n<p>17.08.2021; Gran Canaria \u2013 Angestellte des Abfertigungsunternehmens Groundforce am Flughafen von Gran Canaria, haben vergangenen Freitag, wegen der sich st\u00e4ndig verschlechternden Arbeitskonditionen Streiks angek\u00fcndigt. Die Belegschaft hat sich dar\u00fcber beschwert, dass die Lage in den letzten Jahren unertr\u00e4glich geworden sei und betonte, dass sich der Stress und die Sorgen seit Beginn der Pandemie noch multipliziert h\u00e4tten. Dies wurde auch der Unternehmensleitung kommuniziert, ohne dass diese jedoch versucht h\u00e4tte eine L\u00f6sung zu finden. Die Dienstleistungen im Bereich der Abfertigung unterteilen sich in zwei Teile. Zum einen, alles, was am Boden mit dem Passagier stattfindet und zum anderen das Be- und Entladen der Flugzeuge mit Gep\u00e4ck. Vor allem das Personal, das den meisten Kontakt mit den Passagieren hat, beklagt sich dar\u00fcber, dass nicht immer die Hygienema\u00dfnahmen eingehalten wurden. Hinzu kommen die wiederholten Verst\u00f6\u00dfe gegen den Tarifvertrag und den daraus resultierenden psychischen und k\u00f6rperlichen Beeintr\u00e4chtigungen des Personals. Aus diesem Grund gebe es keine andere M\u00f6glichkeit, als Streiks anzuk\u00fcndigen.<\/p>\n\n\n\n<p>Bildquelle: El Diario<\/p>\n\n\n\n<figure class=\"wp-block-gallery columns-0 is-cropped\"><ul class=\"blocks-gallery-grid\"><\/ul><\/figure>\n","protected":false},"excerpt":{"rendered":"<p>17.08.2021; Gran Canaria \u2013 Angestellte des Abfertigungsunternehmens Groundforce am Flughafen von Gran Canaria, haben vergangenen Freitag, wegen der sich st\u00e4ndig verschlechternden Arbeitskonditionen Streiks angek\u00fcndigt. Die Belegschaft hat sich dar\u00fcber beschwert, dass die Lage in den letzten Jahren unertr\u00e4glich geworden sei und betonte, dass sich der Stress und die Sorgen seit Beginn der Pandemie noch multipliziert [&hellip;]<\/p>\n","protected":false},"author":443,"featured_media":25122,"comment_status":"open","ping_status":"open","sticky":false,"template":"","format":"gallery","meta":[],"categories":[440,449,6],"tags":[8388,8,8387,1881],"_links":{"self":[{"href":"https:\/\/canaryo.net\/portal\/wp-json\/wp\/v2\/posts\/25127"}],"collection":[{"href":"https:\/\/canaryo.net\/portal\/wp-json\/wp\/v2\/posts"}],"about":[{"href":"https:\/\/canaryo.net\/portal\/wp-json\/wp\/v2\/types\/post"}],"author":[{"embeddable":true,"href":"https:\/\/canaryo.net\/portal\/wp-json\/wp\/v2\/users\/443"}],"replies":[{"embeddable":true,"href":"https:\/\/canaryo.net\/portal\/wp-json\/wp\/v2\/comments?post=25127"}],"version-history":[{"count":1,"href":"https:\/\/canaryo.net\/portal\/wp-json\/wp\/v2\/posts\/25127\/revisions"}],"predecessor-version":[{"id":25128,"href":"https:\/\/canaryo.net\/portal\/wp-json\/wp\/v2\/posts\/25127\/revisions\/25128"}],"wp:featuredmedia":[{"embeddable":true,"href":"https:\/\/canaryo.net\/portal\/wp-json\/wp\/v2\/media\/25122"}],"wp:attachment":[{"href":"https:\/\/canaryo.net\/portal\/wp-json\/wp\/v2\/media?parent=25127"}],"wp:term":[{"taxonomy":"category","embeddable":true,"href":"https:\/\/canaryo.net\/portal\/wp-json\/wp\/v2\/categories?post=25127"},{"taxonomy":"post_tag","embeddable":true,"href":"https:\/\/canaryo.net\/portal\/wp-json\/wp\/v2\/tags?post=25127"}],"curies":[{"name":"wp","href":"https:\/\/api.w.org\/{rel}","templated":true}]}}