{"id":25253,"date":"2021-08-28T21:00:45","date_gmt":"2021-08-28T21:00:45","guid":{"rendered":"https:\/\/canaryo.net\/portal\/?p=25253"},"modified":"2021-09-02T23:15:58","modified_gmt":"2021-09-02T23:15:58","slug":"fahrradfahrer-bei-zusammenstoss-mit-auto-schwer-verletzt","status":"publish","type":"post","link":"https:\/\/canaryo.net\/portal\/fahrradfahrer-bei-zusammenstoss-mit-auto-schwer-verletzt\/","title":{"rendered":"Fahrradfahrer bei Zusammensto\u00df mit Auto schwer verletzt"},"content":{"rendered":"\n<p>28.08.2021; Gran Canaria \u2013 Gegen 19:32 h am Freitagabend, ging bei der Notrufzentrale ein Hinweis ein, dass in der Calle Poeta Agust\u00edn Millares Sall in Las Palmas ein Fahrradfahrer mit einem Auto zusammengesto\u00dfen w\u00e4re. Es wurden sofort mehrere Einsatzkr\u00e4fte an den Unfallort geschickt. Der 35-j\u00e4hrige Fahrradfahrer erlitt bei dem Unfall mehrere Knochenbr\u00fcche und wurde mit dem Krankenwagen umgehend ins Hospital Universitario de Gran Canaria Doctor Negr\u00edn gebracht.<\/p>\n\n\n\n<p>Bildquelle: Canarias 7<\/p>\n\n\n\n<figure class=\"wp-block-gallery columns-0 is-cropped\"><ul class=\"blocks-gallery-grid\"><\/ul><\/figure>\n","protected":false},"excerpt":{"rendered":"<p>28.08.2021; Gran Canaria \u2013 Gegen 19:32 h am Freitagabend, ging bei der Notrufzentrale ein Hinweis ein, dass in der Calle Poeta Agust\u00edn Millares Sall in Las Palmas ein Fahrradfahrer mit einem Auto zusammengesto\u00dfen w\u00e4re. Es wurden sofort mehrere Einsatzkr\u00e4fte an den Unfallort geschickt. Der 35-j\u00e4hrige Fahrradfahrer erlitt bei dem Unfall mehrere Knochenbr\u00fcche und wurde mit [&hellip;]<\/p>\n","protected":false},"author":443,"featured_media":25255,"comment_status":"open","ping_status":"open","sticky":false,"template":"","format":"gallery","meta":[],"categories":[448,440,6,461],"tags":[1674,8,435,516],"_links":{"self":[{"href":"https:\/\/canaryo.net\/portal\/wp-json\/wp\/v2\/posts\/25253"}],"collection":[{"href":"https:\/\/canaryo.net\/portal\/wp-json\/wp\/v2\/posts"}],"about":[{"href":"https:\/\/canaryo.net\/portal\/wp-json\/wp\/v2\/types\/post"}],"author":[{"embeddable":true,"href":"https:\/\/canaryo.net\/portal\/wp-json\/wp\/v2\/users\/443"}],"replies":[{"embeddable":true,"href":"https:\/\/canaryo.net\/portal\/wp-json\/wp\/v2\/comments?post=25253"}],"version-history":[{"count":1,"href":"https:\/\/canaryo.net\/portal\/wp-json\/wp\/v2\/posts\/25253\/revisions"}],"predecessor-version":[{"id":25257,"href":"https:\/\/canaryo.net\/portal\/wp-json\/wp\/v2\/posts\/25253\/revisions\/25257"}],"wp:featuredmedia":[{"embeddable":true,"href":"https:\/\/canaryo.net\/portal\/wp-json\/wp\/v2\/media\/25255"}],"wp:attachment":[{"href":"https:\/\/canaryo.net\/portal\/wp-json\/wp\/v2\/media?parent=25253"}],"wp:term":[{"taxonomy":"category","embeddable":true,"href":"https:\/\/canaryo.net\/portal\/wp-json\/wp\/v2\/categories?post=25253"},{"taxonomy":"post_tag","embeddable":true,"href":"https:\/\/canaryo.net\/portal\/wp-json\/wp\/v2\/tags?post=25253"}],"curies":[{"name":"wp","href":"https:\/\/api.w.org\/{rel}","templated":true}]}}