{"id":25399,"date":"2021-09-02T15:40:03","date_gmt":"2021-09-02T15:40:03","guid":{"rendered":"https:\/\/canaryo.net\/portal\/?p=25399"},"modified":"2021-09-07T18:01:38","modified_gmt":"2021-09-07T18:01:38","slug":"badeverbot-an-der-ganzen-kueste-von-candelaria-und-arafo","status":"publish","type":"post","link":"https:\/\/canaryo.net\/portal\/badeverbot-an-der-ganzen-kueste-von-candelaria-und-arafo\/","title":{"rendered":"Badeverbot an der ganzen K\u00fcste von Candelaria und Arafo"},"content":{"rendered":"\n<p>02.09.2021; Teneriffa \u2013 Die Stadtverwaltung von Arafo hat sich zu den Empfehlungen und Ma\u00dfnahmen der Verwaltungen von Candelaria und G\u00fcimar wegen der Entdeckung von \u00d6lspuren im Wasser gesellt, deren Herkunft nach wie vor noch nicht gekl\u00e4rt sind. Es sollen jetzt Wasserproben am Playa de Lima und der gesamten K\u00fcste der Gemeinde entnommen werden, mit dem Ziel herauszufinden um welche Substanz es sich genau handelt damit entsprechenden Schritte zur Beseitigung unternommen werden k\u00f6nnen. Bis dahin bleiben die Str\u00e4nde vorsorglich geschlossen. In den vergangenen Tagen der Woche mussten bereits in Santa Cruz, Candelaria und G\u00fcimar die Str\u00e4nde geschlossen werden, nachdem dort ebenfalls \u00d6lflecken entdeckt wurden.<\/p>\n\n\n\n<p>Bildquelle: Diario de Avisos<\/p>\n\n\n\n<figure class=\"wp-block-gallery columns-0 is-cropped\"><ul class=\"blocks-gallery-grid\"><\/ul><\/figure>\n","protected":false},"excerpt":{"rendered":"<p>02.09.2021; Teneriffa \u2013 Die Stadtverwaltung von Arafo hat sich zu den Empfehlungen und Ma\u00dfnahmen der Verwaltungen von Candelaria und G\u00fcimar wegen der Entdeckung von \u00d6lspuren im Wasser gesellt, deren Herkunft nach wie vor noch nicht gekl\u00e4rt sind. Es sollen jetzt Wasserproben am Playa de Lima und der gesamten K\u00fcste der Gemeinde entnommen werden, mit dem [&hellip;]<\/p>\n","protected":false},"author":443,"featured_media":25400,"comment_status":"open","ping_status":"open","sticky":false,"template":"","format":"gallery","meta":[],"categories":[6,452,450,441],"tags":[1562,3338,3837,9],"_links":{"self":[{"href":"https:\/\/canaryo.net\/portal\/wp-json\/wp\/v2\/posts\/25399"}],"collection":[{"href":"https:\/\/canaryo.net\/portal\/wp-json\/wp\/v2\/posts"}],"about":[{"href":"https:\/\/canaryo.net\/portal\/wp-json\/wp\/v2\/types\/post"}],"author":[{"embeddable":true,"href":"https:\/\/canaryo.net\/portal\/wp-json\/wp\/v2\/users\/443"}],"replies":[{"embeddable":true,"href":"https:\/\/canaryo.net\/portal\/wp-json\/wp\/v2\/comments?post=25399"}],"version-history":[{"count":1,"href":"https:\/\/canaryo.net\/portal\/wp-json\/wp\/v2\/posts\/25399\/revisions"}],"predecessor-version":[{"id":25403,"href":"https:\/\/canaryo.net\/portal\/wp-json\/wp\/v2\/posts\/25399\/revisions\/25403"}],"wp:featuredmedia":[{"embeddable":true,"href":"https:\/\/canaryo.net\/portal\/wp-json\/wp\/v2\/media\/25400"}],"wp:attachment":[{"href":"https:\/\/canaryo.net\/portal\/wp-json\/wp\/v2\/media?parent=25399"}],"wp:term":[{"taxonomy":"category","embeddable":true,"href":"https:\/\/canaryo.net\/portal\/wp-json\/wp\/v2\/categories?post=25399"},{"taxonomy":"post_tag","embeddable":true,"href":"https:\/\/canaryo.net\/portal\/wp-json\/wp\/v2\/tags?post=25399"}],"curies":[{"name":"wp","href":"https:\/\/api.w.org\/{rel}","templated":true}]}}