{"id":26417,"date":"2021-09-13T16:38:55","date_gmt":"2021-09-13T16:38:55","guid":{"rendered":"https:\/\/canaryo.net\/portal\/?p=26417"},"modified":"2021-09-21T22:22:42","modified_gmt":"2021-09-21T22:22:42","slug":"fachkraeftemangel-im-bausektor-auf-den-kanaren","status":"publish","type":"post","link":"https:\/\/canaryo.net\/portal\/fachkraeftemangel-im-bausektor-auf-den-kanaren\/","title":{"rendered":"Fachkr\u00e4ftemangel im Bausektor auf den Kanaren"},"content":{"rendered":"\n<p>13.09.2021; Kanaren \u2013 21.388 Personen sind auf den Kanarischen Inseln als Arbeitsuchende im Bausektor registriert. Diese Zahl der Arbeitslosen ist im letzten Jahr um 10% zur\u00fcckgegangen. In einigen Monaten, werden EU-Mittel kommen dann wird es einen Boom in diesem Sektor geben und diese 21.388 Arbeitnehmer k\u00f6nnten zu wenige sein um diesen Bedarf zu decken. Es gibt jedoch ein Problem: Die meisten dieser Arbeitslosen verf\u00fcgen nicht \u00fcber eine angemessene Ausbildung und Qualifikation, die auf die Bed\u00fcrfnisse der Unternehmen des Sektors zugeschnitten ist. Dies teilt die Vorsitzende der Vereinigung der Bauunternehmer (AECP), Maria de la Salud Gil, mit, die darauf hinweist, dass es bereits heute einen Mangel an ausgebildetem Personal gibt. Es wird gesch\u00e4tzt, dass 70 Prozent der Mittel f\u00fcr den Bau vorgesehen sind. \u201eDie meisten derjenigen, die heute arbeitslos sind, sind es, weil sie ungeeignet sind. H\u00e4tten sie ein anderes Profil, w\u00e4ren sie nicht arbeitslos. Die digitale Transformation in der Branche schreitet rasant voran und viele werden zur\u00fcckbleiben\u201c, sagte die Expertin. Unternehmen haben Schwierigkeiten, Arbeitskr\u00e4fte zu finden, und es gibt mehr als 20.000 Arbeitslose. Ihrer Ansicht nach stellt sich das Problem der Qualifizierung der Arbeitnehmer auch in den Unternehmen, denn &#8220;Es gibt viele Selbstst\u00e4ndige ohne Spezialisierung&#8221;, erkl\u00e4rt die Vorsitzende \u201eEine unserer Herausforderungen ist die digitale Kompetenz\u201c, sagt Salud Gil. Diese sei der Schl\u00fcssel, \u201eum die Nachfrage an nicht besetzten Stellen abdecken zu k\u00f6nnen\u201c. Zur Ankunft der europ\u00e4ischen Mittel werde es auf jeden Fall \u201eein Defizit\u201c an Fachkr\u00e4ften geben. Salud Gil behauptet, dass der Sektor nach der Krise von 2008, bei der 8.000 Firmen verloren gegangen sind, Ausbildungsprogramme gefordert habe. &#8220;Niemand hat auf uns geh\u00f6rt. Die Vorsitzende der AECP unterstreicht die Unterst\u00fctzung des Sektors durch Arbeitsamt, mit dem derzeit daran gearbeitet wird, die Situation zu \u00e4ndern.&#8221; Die Vorsitzende der EFA weist darauf hin, dass viele der Arbeiten, die mit EU-Mitteln durchgef\u00fchrt werden, einer Spezialisierung bed\u00fcrfen, und nennt als Beispiel die Infrastrukturen, die zur Verbesserung der Energieeffizienz entwickelt werden sollen.<\/p>\n\n\n\n<p>Bildquelle: Canarias 7<\/p>\n\n\n\n<figure class=\"wp-block-gallery columns-0 is-cropped\"><ul class=\"blocks-gallery-grid\"><\/ul><\/figure>\n","protected":false},"excerpt":{"rendered":"<p>13.09.2021; Kanaren \u2013 21.388 Personen sind auf den Kanarischen Inseln als Arbeitsuchende im Bausektor registriert. Diese Zahl der Arbeitslosen ist im letzten Jahr um 10% zur\u00fcckgegangen. In einigen Monaten, werden EU-Mittel kommen dann wird es einen Boom in diesem Sektor geben und diese 21.388 Arbeitnehmer k\u00f6nnten zu wenige sein um diesen Bedarf zu decken. Es [&hellip;]<\/p>\n","protected":false},"author":443,"featured_media":26418,"comment_status":"open","ping_status":"open","sticky":false,"template":"","format":"gallery","meta":[],"categories":[439,1659,6,451],"tags":[8462,8463,476],"_links":{"self":[{"href":"https:\/\/canaryo.net\/portal\/wp-json\/wp\/v2\/posts\/26417"}],"collection":[{"href":"https:\/\/canaryo.net\/portal\/wp-json\/wp\/v2\/posts"}],"about":[{"href":"https:\/\/canaryo.net\/portal\/wp-json\/wp\/v2\/types\/post"}],"author":[{"embeddable":true,"href":"https:\/\/canaryo.net\/portal\/wp-json\/wp\/v2\/users\/443"}],"replies":[{"embeddable":true,"href":"https:\/\/canaryo.net\/portal\/wp-json\/wp\/v2\/comments?post=26417"}],"version-history":[{"count":1,"href":"https:\/\/canaryo.net\/portal\/wp-json\/wp\/v2\/posts\/26417\/revisions"}],"predecessor-version":[{"id":26419,"href":"https:\/\/canaryo.net\/portal\/wp-json\/wp\/v2\/posts\/26417\/revisions\/26419"}],"wp:featuredmedia":[{"embeddable":true,"href":"https:\/\/canaryo.net\/portal\/wp-json\/wp\/v2\/media\/26418"}],"wp:attachment":[{"href":"https:\/\/canaryo.net\/portal\/wp-json\/wp\/v2\/media?parent=26417"}],"wp:term":[{"taxonomy":"category","embeddable":true,"href":"https:\/\/canaryo.net\/portal\/wp-json\/wp\/v2\/categories?post=26417"},{"taxonomy":"post_tag","embeddable":true,"href":"https:\/\/canaryo.net\/portal\/wp-json\/wp\/v2\/tags?post=26417"}],"curies":[{"name":"wp","href":"https:\/\/api.w.org\/{rel}","templated":true}]}}