{"id":26443,"date":"2021-09-14T16:17:19","date_gmt":"2021-09-14T16:17:19","guid":{"rendered":"https:\/\/canaryo.net\/portal\/?p=26443"},"modified":"2021-09-21T22:22:54","modified_gmt":"2021-09-21T22:22:54","slug":"frauenleiche-aus-naturschwimmbecken-geborgen","status":"publish","type":"post","link":"https:\/\/canaryo.net\/portal\/frauenleiche-aus-naturschwimmbecken-geborgen\/","title":{"rendered":"Frauenleiche aus Naturschwimmbecken geborgen"},"content":{"rendered":"\n<p>14.09.2021; Fuerteventura &#8211; Gestern gegen 13:00 h wurde der leblose K\u00f6rper einer Frau in den Naturschwimmbecken in Aguas Verdes treibend aufgefunden. Laut der Notrufzentrale gingen mehrere Anrufe ein, um von dem Fund zu berichten. Die Feuerwehr wurde umgehend zum Ort des Geschehens geschickt um den K\u00f6rper abzusichern, der sp\u00e4ter von einem Hubschrauber geborgen und ins Hospital General de Fuerteventura gebracht wurde. Die Leiche wurde von der Guard\u00eda Civil an die Justizbeh\u00f6rde \u00fcbergeben und diese hat auch die Ermittlungen in dem Fall eingeleitet.<\/p>\n\n\n\n<p>Bildquelle: El Diario<\/p>\n\n\n\n<figure class=\"wp-block-gallery columns-0 is-cropped\"><ul class=\"blocks-gallery-grid\"><\/ul><\/figure>\n","protected":false},"excerpt":{"rendered":"<p>14.09.2021; Fuerteventura &#8211; Gestern gegen 13:00 h wurde der leblose K\u00f6rper einer Frau in den Naturschwimmbecken in Aguas Verdes treibend aufgefunden. Laut der Notrufzentrale gingen mehrere Anrufe ein, um von dem Fund zu berichten. Die Feuerwehr wurde umgehend zum Ort des Geschehens geschickt um den K\u00f6rper abzusichern, der sp\u00e4ter von einem Hubschrauber geborgen und ins [&hellip;]<\/p>\n","protected":false},"author":443,"featured_media":26439,"comment_status":"open","ping_status":"open","sticky":false,"template":"","format":"gallery","meta":[],"categories":[442,6,461],"tags":[8466,10,1163,5297],"_links":{"self":[{"href":"https:\/\/canaryo.net\/portal\/wp-json\/wp\/v2\/posts\/26443"}],"collection":[{"href":"https:\/\/canaryo.net\/portal\/wp-json\/wp\/v2\/posts"}],"about":[{"href":"https:\/\/canaryo.net\/portal\/wp-json\/wp\/v2\/types\/post"}],"author":[{"embeddable":true,"href":"https:\/\/canaryo.net\/portal\/wp-json\/wp\/v2\/users\/443"}],"replies":[{"embeddable":true,"href":"https:\/\/canaryo.net\/portal\/wp-json\/wp\/v2\/comments?post=26443"}],"version-history":[{"count":1,"href":"https:\/\/canaryo.net\/portal\/wp-json\/wp\/v2\/posts\/26443\/revisions"}],"predecessor-version":[{"id":26444,"href":"https:\/\/canaryo.net\/portal\/wp-json\/wp\/v2\/posts\/26443\/revisions\/26444"}],"wp:featuredmedia":[{"embeddable":true,"href":"https:\/\/canaryo.net\/portal\/wp-json\/wp\/v2\/media\/26439"}],"wp:attachment":[{"href":"https:\/\/canaryo.net\/portal\/wp-json\/wp\/v2\/media?parent=26443"}],"wp:term":[{"taxonomy":"category","embeddable":true,"href":"https:\/\/canaryo.net\/portal\/wp-json\/wp\/v2\/categories?post=26443"},{"taxonomy":"post_tag","embeddable":true,"href":"https:\/\/canaryo.net\/portal\/wp-json\/wp\/v2\/tags?post=26443"}],"curies":[{"name":"wp","href":"https:\/\/api.w.org\/{rel}","templated":true}]}}