{"id":27066,"date":"2022-03-08T18:15:58","date_gmt":"2022-03-08T17:15:58","guid":{"rendered":"https:\/\/canaryo.net\/portal\/?p=27066"},"modified":"2022-03-18T10:21:40","modified_gmt":"2022-03-18T09:21:40","slug":"kanarische-supermaerkte-beschraenken-sonnenblumenoelverkauf","status":"publish","type":"post","link":"https:\/\/canaryo.net\/portal\/kanarische-supermaerkte-beschraenken-sonnenblumenoelverkauf\/","title":{"rendered":"Kanarische Superm\u00e4rkte beschr\u00e4nken Sonnenblumen\u00f6lverkauf"},"content":{"rendered":"\n<p>08.03.2022; Kanaren \u2013 Die starke Nachfrage nach Sonnenblumen\u00f6l hat Superm\u00e4rkte in ganz Spanien veranlasst, die Abgabemenge einzuschr\u00e4nken, um Engp\u00e4sse zu vermeiden. Die Bef\u00fcrchtung eines starken Preisanstiegs und der Mangel an Lagerbest\u00e4nden hat Privatpersonen und Gewerbetreibende dazu veranlasst, ihre Bestellungen und Eink\u00e4ufe zu vervielfachen, obwohl der spanische Verband der H\u00e4ndler, Selbstbedienungsl\u00e4den und Superm\u00e4rkte versichert, dass es nur eine sehr begrenzte Anzahl von Produkten betrifft, und dass es sowohl hinsichtlich der Herkunft als auch des Produkts Alternativen gibt. Laut der Vereinigung haben die Superm\u00e4rkte diese Ma\u00dfnahme aufgrund des atypischen Verbraucherverhaltens ergriffen, \u00e4hnlich wie bei der Verknappung von Toilettenpapier in den ersten Tagen des Lockdown wegen der Coronapandemie. Dies ist eine Folge des Einmarsches Russlands in der Ukraine, wo ein Viertel der spanischen Saat\u00f6limporte herstammt. Nach Sch\u00e4tzungen werden j\u00e4hrlich etwa 500.000 Tonnen Sonnenblumen\u00f6l eingef\u00fchrt.<\/p>\n\n\n\n<p>Bildquelle: Canarias 7<\/p>\n\n\n\n<figure class=\"wp-block-gallery columns-0 is-cropped\"><ul class=\"blocks-gallery-grid\"><\/ul><\/figure>\n","protected":false},"excerpt":{"rendered":"<p>08.03.2022; Kanaren \u2013 Die starke Nachfrage nach Sonnenblumen\u00f6l hat Superm\u00e4rkte in ganz Spanien veranlasst, die Abgabemenge einzuschr\u00e4nken, um Engp\u00e4sse zu vermeiden. Die Bef\u00fcrchtung eines starken Preisanstiegs und der Mangel an Lagerbest\u00e4nden hat Privatpersonen und Gewerbetreibende dazu veranlasst, ihre Bestellungen und Eink\u00e4ufe zu vervielfachen, obwohl der spanische Verband der H\u00e4ndler, Selbstbedienungsl\u00e4den und Superm\u00e4rkte versichert, dass es [&hellip;]<\/p>\n","protected":false},"author":443,"featured_media":27067,"comment_status":"open","ping_status":"open","sticky":false,"template":"","format":"gallery","meta":[],"categories":[439,528,6,451],"tags":[8503,476,8502,943],"_links":{"self":[{"href":"https:\/\/canaryo.net\/portal\/wp-json\/wp\/v2\/posts\/27066"}],"collection":[{"href":"https:\/\/canaryo.net\/portal\/wp-json\/wp\/v2\/posts"}],"about":[{"href":"https:\/\/canaryo.net\/portal\/wp-json\/wp\/v2\/types\/post"}],"author":[{"embeddable":true,"href":"https:\/\/canaryo.net\/portal\/wp-json\/wp\/v2\/users\/443"}],"replies":[{"embeddable":true,"href":"https:\/\/canaryo.net\/portal\/wp-json\/wp\/v2\/comments?post=27066"}],"version-history":[{"count":1,"href":"https:\/\/canaryo.net\/portal\/wp-json\/wp\/v2\/posts\/27066\/revisions"}],"predecessor-version":[{"id":27068,"href":"https:\/\/canaryo.net\/portal\/wp-json\/wp\/v2\/posts\/27066\/revisions\/27068"}],"wp:featuredmedia":[{"embeddable":true,"href":"https:\/\/canaryo.net\/portal\/wp-json\/wp\/v2\/media\/27067"}],"wp:attachment":[{"href":"https:\/\/canaryo.net\/portal\/wp-json\/wp\/v2\/media?parent=27066"}],"wp:term":[{"taxonomy":"category","embeddable":true,"href":"https:\/\/canaryo.net\/portal\/wp-json\/wp\/v2\/categories?post=27066"},{"taxonomy":"post_tag","embeddable":true,"href":"https:\/\/canaryo.net\/portal\/wp-json\/wp\/v2\/tags?post=27066"}],"curies":[{"name":"wp","href":"https:\/\/api.w.org\/{rel}","templated":true}]}}