{"id":27087,"date":"2022-03-13T18:12:33","date_gmt":"2022-03-13T17:12:33","guid":{"rendered":"https:\/\/canaryo.net\/portal\/?p=27087"},"modified":"2022-03-28T23:43:16","modified_gmt":"2022-03-28T22:43:16","slug":"mann-bei-stromschlag-schwer-verletzt","status":"publish","type":"post","link":"https:\/\/canaryo.net\/portal\/mann-bei-stromschlag-schwer-verletzt\/","title":{"rendered":"Mann bei Stromschlag schwer verletzt"},"content":{"rendered":"\n<p>13.03.2022; Gran Canaria \u2013 Freitagmorgen ging beim Notruf die Meldung ein, dass ein 58-j\u00e4hriger Mann in einer Lagerhalle im Industriegebiet Las Torres in Las Palmas, einen Stromschlag erlitten habe und \u00e4rztliche Hilfe ben\u00f6tige. Sofort wurden mehrere Einsatzwagen zum Unfallort geschickt. Der Mann befand sich in kritischem Zustand und wurde mit dem Krankenwagen in das Hospital Universitario de Gran Canaria Doctor Negr\u00edn gebracht. Das Gebiet wurde von der Feuerwehr und dem Rettungsdienst abgesichert. Die Polizei hat die Ermittlungen aufgenommen.<\/p>\n\n\n\n<p>Bildquelle: Canarias 7<\/p>\n\n\n\n<figure class=\"wp-block-gallery columns-0 is-cropped\"><ul class=\"blocks-gallery-grid\"><\/ul><\/figure>\n","protected":false},"excerpt":{"rendered":"<p>13.03.2022; Gran Canaria \u2013 Freitagmorgen ging beim Notruf die Meldung ein, dass ein 58-j\u00e4hriger Mann in einer Lagerhalle im Industriegebiet Las Torres in Las Palmas, einen Stromschlag erlitten habe und \u00e4rztliche Hilfe ben\u00f6tige. Sofort wurden mehrere Einsatzwagen zum Unfallort geschickt. Der Mann befand sich in kritischem Zustand und wurde mit dem Krankenwagen in das Hospital [&hellip;]<\/p>\n","protected":false},"author":443,"featured_media":27092,"comment_status":"open","ping_status":"open","sticky":false,"template":"","format":"gallery","meta":[],"categories":[440,6,461],"tags":[8,435,1826,1125],"_links":{"self":[{"href":"https:\/\/canaryo.net\/portal\/wp-json\/wp\/v2\/posts\/27087"}],"collection":[{"href":"https:\/\/canaryo.net\/portal\/wp-json\/wp\/v2\/posts"}],"about":[{"href":"https:\/\/canaryo.net\/portal\/wp-json\/wp\/v2\/types\/post"}],"author":[{"embeddable":true,"href":"https:\/\/canaryo.net\/portal\/wp-json\/wp\/v2\/users\/443"}],"replies":[{"embeddable":true,"href":"https:\/\/canaryo.net\/portal\/wp-json\/wp\/v2\/comments?post=27087"}],"version-history":[{"count":1,"href":"https:\/\/canaryo.net\/portal\/wp-json\/wp\/v2\/posts\/27087\/revisions"}],"predecessor-version":[{"id":27088,"href":"https:\/\/canaryo.net\/portal\/wp-json\/wp\/v2\/posts\/27087\/revisions\/27088"}],"wp:featuredmedia":[{"embeddable":true,"href":"https:\/\/canaryo.net\/portal\/wp-json\/wp\/v2\/media\/27092"}],"wp:attachment":[{"href":"https:\/\/canaryo.net\/portal\/wp-json\/wp\/v2\/media?parent=27087"}],"wp:term":[{"taxonomy":"category","embeddable":true,"href":"https:\/\/canaryo.net\/portal\/wp-json\/wp\/v2\/categories?post=27087"},{"taxonomy":"post_tag","embeddable":true,"href":"https:\/\/canaryo.net\/portal\/wp-json\/wp\/v2\/tags?post=27087"}],"curies":[{"name":"wp","href":"https:\/\/api.w.org\/{rel}","templated":true}]}}