{"id":27272,"date":"2022-04-05T17:52:26","date_gmt":"2022-04-05T16:52:26","guid":{"rendered":"https:\/\/canaryo.net\/portal\/?p=27272"},"modified":"2022-04-14T17:18:07","modified_gmt":"2022-04-14T16:18:07","slug":"mit-35-gramm-ecstasy-am-flughafen-erwischt","status":"publish","type":"post","link":"https:\/\/canaryo.net\/portal\/mit-35-gramm-ecstasy-am-flughafen-erwischt\/","title":{"rendered":"Mit 35 Gramm Ecstasy am Flughafen erwischt"},"content":{"rendered":"\n<p>05.04.2022; Teneriffa &#8211; Beamte der Grenzpolizei haben am Flughafen S\u00fcd einen jungen Iren wegen eines mutma\u00dflichen Delikts gegen die \u00f6ffentliche Gesundheit verhaftet. Die Polizei wusste aufgrund der Passagierliste der Airline, dass der Junge Mann, gegen den ein Haftbefehl von einem Gericht in Ibiza vorlag, an Board der Maschine aus Dublin war und verhafteten ihn. Bei der Durchsuchung seiner pers\u00f6nlichen Sachen fanden die Polizei 35 Gramm einer wei\u00dfen, pulverigen Substanz, in diesem Fall Ecstasy und mehr als 2.400 Euro in Bar. Der Gefangene wurde an die zust\u00e4ndige Justizbeh\u00f6rde \u00fcbergeben.<\/p>\n\n\n\n<p>Bildquelle: Canarias 7<\/p>\n\n\n\n<figure class=\"wp-block-gallery columns-0 is-cropped\"><ul class=\"blocks-gallery-grid\"><\/ul><\/figure>\n","protected":false},"excerpt":{"rendered":"<p>05.04.2022; Teneriffa &#8211; Beamte der Grenzpolizei haben am Flughafen S\u00fcd einen jungen Iren wegen eines mutma\u00dflichen Delikts gegen die \u00f6ffentliche Gesundheit verhaftet. Die Polizei wusste aufgrund der Passagierliste der Airline, dass der Junge Mann, gegen den ein Haftbefehl von einem Gericht in Ibiza vorlag, an Board der Maschine aus Dublin war und verhafteten ihn. Bei [&hellip;]<\/p>\n","protected":false},"author":443,"featured_media":27274,"comment_status":"open","ping_status":"open","sticky":false,"template":"","format":"gallery","meta":[],"categories":[494,6,441],"tags":[3392,473,6082,9,1346],"_links":{"self":[{"href":"https:\/\/canaryo.net\/portal\/wp-json\/wp\/v2\/posts\/27272"}],"collection":[{"href":"https:\/\/canaryo.net\/portal\/wp-json\/wp\/v2\/posts"}],"about":[{"href":"https:\/\/canaryo.net\/portal\/wp-json\/wp\/v2\/types\/post"}],"author":[{"embeddable":true,"href":"https:\/\/canaryo.net\/portal\/wp-json\/wp\/v2\/users\/443"}],"replies":[{"embeddable":true,"href":"https:\/\/canaryo.net\/portal\/wp-json\/wp\/v2\/comments?post=27272"}],"version-history":[{"count":1,"href":"https:\/\/canaryo.net\/portal\/wp-json\/wp\/v2\/posts\/27272\/revisions"}],"predecessor-version":[{"id":27275,"href":"https:\/\/canaryo.net\/portal\/wp-json\/wp\/v2\/posts\/27272\/revisions\/27275"}],"wp:featuredmedia":[{"embeddable":true,"href":"https:\/\/canaryo.net\/portal\/wp-json\/wp\/v2\/media\/27274"}],"wp:attachment":[{"href":"https:\/\/canaryo.net\/portal\/wp-json\/wp\/v2\/media?parent=27272"}],"wp:term":[{"taxonomy":"category","embeddable":true,"href":"https:\/\/canaryo.net\/portal\/wp-json\/wp\/v2\/categories?post=27272"},{"taxonomy":"post_tag","embeddable":true,"href":"https:\/\/canaryo.net\/portal\/wp-json\/wp\/v2\/tags?post=27272"}],"curies":[{"name":"wp","href":"https:\/\/api.w.org\/{rel}","templated":true}]}}