{"id":27380,"date":"2022-04-18T10:45:40","date_gmt":"2022-04-18T09:45:40","guid":{"rendered":"https:\/\/canaryo.net\/portal\/?p=27380"},"modified":"2022-04-22T22:59:16","modified_gmt":"2022-04-22T21:59:16","slug":"zwei-verletzte-nach-schiesserei","status":"publish","type":"post","link":"https:\/\/canaryo.net\/portal\/zwei-verletzte-nach-schiesserei\/","title":{"rendered":"Zwei Verletzte nach Schie\u00dferei"},"content":{"rendered":"\n<p>18.04.2022; Gran Canaria \u2013 In den Stra\u00dfen von Jin\u00e1mar in der Gegend von Lomo de las Brujas, kam es am Freitag gegen 22.15 Uhr zu einer Schie\u00dferei, die mindestens zwei Verletzte zur Folge hatte. Mehrere Polizeibeamte waren vor Ort. Erste Anzeichen deuten auf einen Bandenkonflikt hin, dessen Beteiligte versuchten, den Streit mit einer Schrotflinte zu beenden. Den befragten Quellen zufolge wurde eines der Opfer am R\u00fccken und an anderen K\u00f6rperteilen verwundet und wies schwere Verletzungen auf. Insgesamt mussten zwei Personen mit dem Krankenwagen in das Inselkrankenhaus gebracht werden. Der mutma\u00dfliche T\u00e4ter, ein 66-j\u00e4hriger Mann, erschien Stunden nach der Tat auf der Polizeistation in Telde, wo er sich stellte und festgenommen wurde. Weitere Verhaftungen sind nicht ausgeschlossen.<\/p>\n\n\n\n<p>Bildquelle: Canarias 7<\/p>\n\n\n\n<figure class=\"wp-block-gallery columns-0 is-cropped\"><ul class=\"blocks-gallery-grid\"><\/ul><\/figure>\n","protected":false},"excerpt":{"rendered":"<p>18.04.2022; Gran Canaria \u2013 In den Stra\u00dfen von Jin\u00e1mar in der Gegend von Lomo de las Brujas, kam es am Freitag gegen 22.15 Uhr zu einer Schie\u00dferei, die mindestens zwei Verletzte zur Folge hatte. Mehrere Polizeibeamte waren vor Ort. Erste Anzeichen deuten auf einen Bandenkonflikt hin, dessen Beteiligte versuchten, den Streit mit einer Schrotflinte zu [&hellip;]<\/p>\n","protected":false},"author":443,"featured_media":27376,"comment_status":"open","ping_status":"open","sticky":false,"template":"","format":"gallery","meta":[],"categories":[440,494,6],"tags":[8,757,3966],"_links":{"self":[{"href":"https:\/\/canaryo.net\/portal\/wp-json\/wp\/v2\/posts\/27380"}],"collection":[{"href":"https:\/\/canaryo.net\/portal\/wp-json\/wp\/v2\/posts"}],"about":[{"href":"https:\/\/canaryo.net\/portal\/wp-json\/wp\/v2\/types\/post"}],"author":[{"embeddable":true,"href":"https:\/\/canaryo.net\/portal\/wp-json\/wp\/v2\/users\/443"}],"replies":[{"embeddable":true,"href":"https:\/\/canaryo.net\/portal\/wp-json\/wp\/v2\/comments?post=27380"}],"version-history":[{"count":2,"href":"https:\/\/canaryo.net\/portal\/wp-json\/wp\/v2\/posts\/27380\/revisions"}],"predecessor-version":[{"id":27384,"href":"https:\/\/canaryo.net\/portal\/wp-json\/wp\/v2\/posts\/27380\/revisions\/27384"}],"wp:featuredmedia":[{"embeddable":true,"href":"https:\/\/canaryo.net\/portal\/wp-json\/wp\/v2\/media\/27376"}],"wp:attachment":[{"href":"https:\/\/canaryo.net\/portal\/wp-json\/wp\/v2\/media?parent=27380"}],"wp:term":[{"taxonomy":"category","embeddable":true,"href":"https:\/\/canaryo.net\/portal\/wp-json\/wp\/v2\/categories?post=27380"},{"taxonomy":"post_tag","embeddable":true,"href":"https:\/\/canaryo.net\/portal\/wp-json\/wp\/v2\/tags?post=27380"}],"curies":[{"name":"wp","href":"https:\/\/api.w.org\/{rel}","templated":true}]}}