{"id":27454,"date":"2022-04-25T23:00:58","date_gmt":"2022-04-25T22:00:58","guid":{"rendered":"https:\/\/canaryo.net\/portal\/?p=27454"},"modified":"2022-05-12T09:10:04","modified_gmt":"2022-05-12T08:10:04","slug":"drogendealer-verhaftet","status":"publish","type":"post","link":"https:\/\/canaryo.net\/portal\/drogendealer-verhaftet\/","title":{"rendered":"Drogendealer verhaftet"},"content":{"rendered":"\n<p>25.04.2022; Gran Canaria \u2013 Die Polizei von Las Palmas hat vergangene Woche einen Mann im Viertel La Isleta als mutma\u00dflichen T\u00e4ter eines Verbrechens gegen die \u00f6ffentliche Gesundheit wegen dem Verkauf von Heroin und Crack verhaftet. Die Beamten wurden dank verschiedener B\u00fcrgerbeschwerden auf einen Drogenverkaufspunkt in der Stra\u00dfe Anzof\u00e9 aufmerksam gemacht und fingen an, die Umgebung der besagten Stra\u00dfe zu \u00fcberwachen. Insbesondere interessierte sie ein Geb\u00e4ude, das von zahlreichen Personen betreten wurde und das von dem jetzt festgenommenen Mann betreut wurde. Dieser wurde in der N\u00e4he des Anwesens abgefangen und bei seiner Sicherheitsabtastung wurden 86 Gramm Heroin, 26 Gramm Crack und mehr als 1.600 Euro Bargeld beschlagnahmt. Der Verhaftete wurde an das zust\u00e4ndige Gericht \u00fcbergeben.<\/p>\n\n\n\n<p>Bildquelle: Canarias 7<\/p>\n\n\n\n<figure class=\"wp-block-gallery columns-0 is-cropped\"><ul class=\"blocks-gallery-grid\"><\/ul><\/figure>\n","protected":false},"excerpt":{"rendered":"<p>25.04.2022; Gran Canaria \u2013 Die Polizei von Las Palmas hat vergangene Woche einen Mann im Viertel La Isleta als mutma\u00dflichen T\u00e4ter eines Verbrechens gegen die \u00f6ffentliche Gesundheit wegen dem Verkauf von Heroin und Crack verhaftet. Die Beamten wurden dank verschiedener B\u00fcrgerbeschwerden auf einen Drogenverkaufspunkt in der Stra\u00dfe Anzof\u00e9 aufmerksam gemacht und fingen an, die Umgebung [&hellip;]<\/p>\n","protected":false},"author":443,"featured_media":27449,"comment_status":"open","ping_status":"open","sticky":false,"template":"","format":"gallery","meta":[],"categories":[440,494,6],"tags":[664,8,435,1346],"_links":{"self":[{"href":"https:\/\/canaryo.net\/portal\/wp-json\/wp\/v2\/posts\/27454"}],"collection":[{"href":"https:\/\/canaryo.net\/portal\/wp-json\/wp\/v2\/posts"}],"about":[{"href":"https:\/\/canaryo.net\/portal\/wp-json\/wp\/v2\/types\/post"}],"author":[{"embeddable":true,"href":"https:\/\/canaryo.net\/portal\/wp-json\/wp\/v2\/users\/443"}],"replies":[{"embeddable":true,"href":"https:\/\/canaryo.net\/portal\/wp-json\/wp\/v2\/comments?post=27454"}],"version-history":[{"count":1,"href":"https:\/\/canaryo.net\/portal\/wp-json\/wp\/v2\/posts\/27454\/revisions"}],"predecessor-version":[{"id":27455,"href":"https:\/\/canaryo.net\/portal\/wp-json\/wp\/v2\/posts\/27454\/revisions\/27455"}],"wp:featuredmedia":[{"embeddable":true,"href":"https:\/\/canaryo.net\/portal\/wp-json\/wp\/v2\/media\/27449"}],"wp:attachment":[{"href":"https:\/\/canaryo.net\/portal\/wp-json\/wp\/v2\/media?parent=27454"}],"wp:term":[{"taxonomy":"category","embeddable":true,"href":"https:\/\/canaryo.net\/portal\/wp-json\/wp\/v2\/categories?post=27454"},{"taxonomy":"post_tag","embeddable":true,"href":"https:\/\/canaryo.net\/portal\/wp-json\/wp\/v2\/tags?post=27454"}],"curies":[{"name":"wp","href":"https:\/\/api.w.org\/{rel}","templated":true}]}}