{"id":27456,"date":"2022-04-25T23:02:54","date_gmt":"2022-04-25T22:02:54","guid":{"rendered":"https:\/\/canaryo.net\/portal\/?p=27456"},"modified":"2022-05-12T09:10:08","modified_gmt":"2022-05-12T08:10:08","slug":"teil-der-gc-1-am-mittwoch-wegen-brandschutzuebung-gesperrt","status":"publish","type":"post","link":"https:\/\/canaryo.net\/portal\/teil-der-gc-1-am-mittwoch-wegen-brandschutzuebung-gesperrt\/","title":{"rendered":"Teil der GC-1 am Mittwoch wegen Brandschutz\u00fcbung gesperrt"},"content":{"rendered":"\n<p>25.04.2022; Gran Canaria \u2013 Die GC-1 wird kommenden Mittwoch, den 27. April, zwischen 8:30 Uhr und 13:00 Uhr auf der Strecke zwischen Arguinegu\u00edn und Tauro in beide Richtungen f\u00fcr den Verkehr gesperrt, um eine Feuerschutz\u00fcbung im Heriberto-Linares-Tunnel durchzuf\u00fchren. Dies teilte die Inselregierung mit. In beide Richtungen wird der Verkehr \u00fcber das Dorf von Arguineguin umgeleitet. Die Notfall\u00fcbung ist eine der Ma\u00dfnahmen, die im Rahmen des Dienstleistungsvertrags zur Durchf\u00fchrung von Erhaltungsma\u00dfnahmen auf den Hochleistungsstra\u00dfen Gran Canarias vorgesehen sind.<\/p>\n\n\n\n<p>Bildquelle: Canarias 7<\/p>\n\n\n\n<figure class=\"wp-block-gallery columns-0 is-cropped\"><ul class=\"blocks-gallery-grid\"><\/ul><\/figure>\n","protected":false},"excerpt":{"rendered":"<p>25.04.2022; Gran Canaria \u2013 Die GC-1 wird kommenden Mittwoch, den 27. April, zwischen 8:30 Uhr und 13:00 Uhr auf der Strecke zwischen Arguinegu\u00edn und Tauro in beide Richtungen f\u00fcr den Verkehr gesperrt, um eine Feuerschutz\u00fcbung im Heriberto-Linares-Tunnel durchzuf\u00fchren. Dies teilte die Inselregierung mit. In beide Richtungen wird der Verkehr \u00fcber das Dorf von Arguineguin umgeleitet. [&hellip;]<\/p>\n","protected":false},"author":443,"featured_media":27451,"comment_status":"open","ping_status":"open","sticky":false,"template":"","format":"gallery","meta":[],"categories":[448,440,6],"tags":[8594,1109,8,776],"_links":{"self":[{"href":"https:\/\/canaryo.net\/portal\/wp-json\/wp\/v2\/posts\/27456"}],"collection":[{"href":"https:\/\/canaryo.net\/portal\/wp-json\/wp\/v2\/posts"}],"about":[{"href":"https:\/\/canaryo.net\/portal\/wp-json\/wp\/v2\/types\/post"}],"author":[{"embeddable":true,"href":"https:\/\/canaryo.net\/portal\/wp-json\/wp\/v2\/users\/443"}],"replies":[{"embeddable":true,"href":"https:\/\/canaryo.net\/portal\/wp-json\/wp\/v2\/comments?post=27456"}],"version-history":[{"count":1,"href":"https:\/\/canaryo.net\/portal\/wp-json\/wp\/v2\/posts\/27456\/revisions"}],"predecessor-version":[{"id":27457,"href":"https:\/\/canaryo.net\/portal\/wp-json\/wp\/v2\/posts\/27456\/revisions\/27457"}],"wp:featuredmedia":[{"embeddable":true,"href":"https:\/\/canaryo.net\/portal\/wp-json\/wp\/v2\/media\/27451"}],"wp:attachment":[{"href":"https:\/\/canaryo.net\/portal\/wp-json\/wp\/v2\/media?parent=27456"}],"wp:term":[{"taxonomy":"category","embeddable":true,"href":"https:\/\/canaryo.net\/portal\/wp-json\/wp\/v2\/categories?post=27456"},{"taxonomy":"post_tag","embeddable":true,"href":"https:\/\/canaryo.net\/portal\/wp-json\/wp\/v2\/tags?post=27456"}],"curies":[{"name":"wp","href":"https:\/\/api.w.org\/{rel}","templated":true}]}}