{"id":27522,"date":"2022-05-06T00:15:57","date_gmt":"2022-05-05T23:15:57","guid":{"rendered":"https:\/\/canaryo.net\/portal\/?p=27522"},"modified":"2022-05-16T11:18:21","modified_gmt":"2022-05-16T10:18:21","slug":"drogen-in-mueslischachteln-getarnt-beschlagnahmt","status":"publish","type":"post","link":"https:\/\/canaryo.net\/portal\/drogen-in-mueslischachteln-getarnt-beschlagnahmt\/","title":{"rendered":"Drogen in M\u00fcslischachteln getarnt beschlagnahmt"},"content":{"rendered":"\n<p>05.05.2022; Teneriffa \u2013 Die Guardia Civil hat am Flughafen Tenerife Sur eine Belgierin mittleren Alters verhaftet, die in Ihrem Gep\u00e4ck 1,8 Kilo Heroin, versteckt in Schachteln mit Cerealien mit sich f\u00fchrte. Sie wurde nach ihrer gerichtlichen Verurteilung ins Gef\u00e4ngnis geschickt. Die Frau war der Polizei durch ihr nerv\u00f6ses Verhalten im Bereich der Gep\u00e4ckabholung aufgefallen. Ein Drogensp\u00fcrhund der Zollkontrolle schlug dann bei einem Koffer an, der den Gep\u00e4ckaufkleber der Verd\u00e4chtigen trug. Bei der genaueren Kontrolle fanden die Beamten dann zwei M\u00fcslischachteln, die mehrere in Plastik umh\u00fcllte Teile enthielten, die mit einer braunen Substanz gef\u00fcllt waren, die sich letztendlich als Heroin herausstellte.<\/p>\n\n\n\n<p>Bildquelle: Canarias 7<\/p>\n\n\n\n<figure class=\"wp-block-gallery columns-0 is-cropped\"><ul class=\"blocks-gallery-grid\"><\/ul><\/figure>\n","protected":false},"excerpt":{"rendered":"<p>05.05.2022; Teneriffa \u2013 Die Guardia Civil hat am Flughafen Tenerife Sur eine Belgierin mittleren Alters verhaftet, die in Ihrem Gep\u00e4ck 1,8 Kilo Heroin, versteckt in Schachteln mit Cerealien mit sich f\u00fchrte. Sie wurde nach ihrer gerichtlichen Verurteilung ins Gef\u00e4ngnis geschickt. Die Frau war der Polizei durch ihr nerv\u00f6ses Verhalten im Bereich der Gep\u00e4ckabholung aufgefallen. Ein [&hellip;]<\/p>\n","protected":false},"author":443,"featured_media":27523,"comment_status":"open","ping_status":"open","sticky":false,"template":"","format":"gallery","meta":[],"categories":[494,6,441],"tags":[473,982,8616,9],"_links":{"self":[{"href":"https:\/\/canaryo.net\/portal\/wp-json\/wp\/v2\/posts\/27522"}],"collection":[{"href":"https:\/\/canaryo.net\/portal\/wp-json\/wp\/v2\/posts"}],"about":[{"href":"https:\/\/canaryo.net\/portal\/wp-json\/wp\/v2\/types\/post"}],"author":[{"embeddable":true,"href":"https:\/\/canaryo.net\/portal\/wp-json\/wp\/v2\/users\/443"}],"replies":[{"embeddable":true,"href":"https:\/\/canaryo.net\/portal\/wp-json\/wp\/v2\/comments?post=27522"}],"version-history":[{"count":1,"href":"https:\/\/canaryo.net\/portal\/wp-json\/wp\/v2\/posts\/27522\/revisions"}],"predecessor-version":[{"id":27525,"href":"https:\/\/canaryo.net\/portal\/wp-json\/wp\/v2\/posts\/27522\/revisions\/27525"}],"wp:featuredmedia":[{"embeddable":true,"href":"https:\/\/canaryo.net\/portal\/wp-json\/wp\/v2\/media\/27523"}],"wp:attachment":[{"href":"https:\/\/canaryo.net\/portal\/wp-json\/wp\/v2\/media?parent=27522"}],"wp:term":[{"taxonomy":"category","embeddable":true,"href":"https:\/\/canaryo.net\/portal\/wp-json\/wp\/v2\/categories?post=27522"},{"taxonomy":"post_tag","embeddable":true,"href":"https:\/\/canaryo.net\/portal\/wp-json\/wp\/v2\/tags?post=27522"}],"curies":[{"name":"wp","href":"https:\/\/api.w.org\/{rel}","templated":true}]}}