{"id":27638,"date":"2022-05-19T16:25:45","date_gmt":"2022-05-19T15:25:45","guid":{"rendered":"https:\/\/canaryo.net\/portal\/?p=27638"},"modified":"2022-05-29T09:36:57","modified_gmt":"2022-05-29T08:36:57","slug":"mann-in-kritischem-zustand","status":"publish","type":"post","link":"https:\/\/canaryo.net\/portal\/mann-in-kritischem-zustand\/","title":{"rendered":"Mann in kritischem Zustand"},"content":{"rendered":"\n<p>19.05.2022; Teneriffa \u2013 Ein 60-j\u00e4hriger Mann befindet sich in einem ernsten gesundheitlichen Zustand, nachdem er vergangenen Mittwochnachmittag mit einem Herzstillstand aus dem Swimmingpool eines Apartmentkomplexes in der Calle Antonio Navarro in Adeje gezogen wurde. Dies teilte die kanarische Notruf- und Sicherheitskoordinierungsstelle mit, die sofort nach Eingang der Meldung den Rettungsdienst zum Unfallort entsandte. Andere anwesende Badeg\u00e4ste begannen bis zum Eintreffen der Sanit\u00e4ter unter Anweisungen der Notrufzentrale mit den Wiederbelebungsma\u00dfnahmen. Der Mann wurde anschlie\u00dfend, nachdem er stabilisiert wurde, in das Hospiten Sur gebracht.<\/p>\n\n\n\n<p>Bildquelle: El Diario<\/p>\n\n\n\n<figure class=\"wp-block-gallery columns-0 is-cropped\"><ul class=\"blocks-gallery-grid\"><\/ul><\/figure>\n","protected":false},"excerpt":{"rendered":"<p>19.05.2022; Teneriffa \u2013 Ein 60-j\u00e4hriger Mann befindet sich in einem ernsten gesundheitlichen Zustand, nachdem er vergangenen Mittwochnachmittag mit einem Herzstillstand aus dem Swimmingpool eines Apartmentkomplexes in der Calle Antonio Navarro in Adeje gezogen wurde. Dies teilte die kanarische Notruf- und Sicherheitskoordinierungsstelle mit, die sofort nach Eingang der Meldung den Rettungsdienst zum Unfallort entsandte. Andere anwesende [&hellip;]<\/p>\n","protected":false},"author":443,"featured_media":27629,"comment_status":"open","ping_status":"open","sticky":false,"template":"","format":"gallery","meta":[],"categories":[1658,861,6,441],"tags":[1061,1474,8651,8650,9],"_links":{"self":[{"href":"https:\/\/canaryo.net\/portal\/wp-json\/wp\/v2\/posts\/27638"}],"collection":[{"href":"https:\/\/canaryo.net\/portal\/wp-json\/wp\/v2\/posts"}],"about":[{"href":"https:\/\/canaryo.net\/portal\/wp-json\/wp\/v2\/types\/post"}],"author":[{"embeddable":true,"href":"https:\/\/canaryo.net\/portal\/wp-json\/wp\/v2\/users\/443"}],"replies":[{"embeddable":true,"href":"https:\/\/canaryo.net\/portal\/wp-json\/wp\/v2\/comments?post=27638"}],"version-history":[{"count":1,"href":"https:\/\/canaryo.net\/portal\/wp-json\/wp\/v2\/posts\/27638\/revisions"}],"predecessor-version":[{"id":27639,"href":"https:\/\/canaryo.net\/portal\/wp-json\/wp\/v2\/posts\/27638\/revisions\/27639"}],"wp:featuredmedia":[{"embeddable":true,"href":"https:\/\/canaryo.net\/portal\/wp-json\/wp\/v2\/media\/27629"}],"wp:attachment":[{"href":"https:\/\/canaryo.net\/portal\/wp-json\/wp\/v2\/media?parent=27638"}],"wp:term":[{"taxonomy":"category","embeddable":true,"href":"https:\/\/canaryo.net\/portal\/wp-json\/wp\/v2\/categories?post=27638"},{"taxonomy":"post_tag","embeddable":true,"href":"https:\/\/canaryo.net\/portal\/wp-json\/wp\/v2\/tags?post=27638"}],"curies":[{"name":"wp","href":"https:\/\/api.w.org\/{rel}","templated":true}]}}