{"id":27953,"date":"2022-07-01T14:43:00","date_gmt":"2022-07-01T13:43:00","guid":{"rendered":"https:\/\/canaryo.net\/portal\/?p=27953"},"modified":"2022-07-09T19:34:25","modified_gmt":"2022-07-09T18:34:25","slug":"auto-kracht-in-wohnhaus","status":"publish","type":"post","link":"https:\/\/canaryo.net\/portal\/auto-kracht-in-wohnhaus\/","title":{"rendered":"Auto kracht in Wohnhaus"},"content":{"rendered":"\n<p>01.07.2022; Gran Canaria \u2013 Am Donnerstag gegen 11:40 Uhr ereignete sich auf der GC-21, auf der H\u00f6he von El Tosc\u00f3n in der Gemeinde Teror, ein schwerer Verkehrsunfall. Wie die Notrufzentrale mitteilte, war ein Auto gegen die Mauer eines Wohnhauses gekracht. Mehrere Einsatzkr\u00e4fte, darunter Polizei, Hubschrauber und Rettungswagen, waren am Unfallort anwesend. Die vier Fahrzeuginsassen, eine Frau und drei 10-j\u00e4hrige Kinder, wurden mit verschiedenen Verletzungen zun\u00e4chst vor Ort medizinisch versorgt. Anschlie\u00dfend wurden zwei der Kinder mit Rettungsw\u00e4gen ins Hospital Universitario Materno Infantil gebracht, w\u00e4hrend das dritte mit dem Rettungshubschrauber transportiert wurde. Die Frau wurde mit dem Krankenwagen ins Hospital Universitario Insular gebracht. Die entsprechenden Ermittlungen sind eingeleitet worden.<\/p>\n\n\n\n<p>Bildquelle: La Provincia<\/p>\n\n\n\n<figure class=\"wp-block-gallery columns-0 is-cropped\"><ul class=\"blocks-gallery-grid\"><\/ul><\/figure>\n","protected":false},"excerpt":{"rendered":"<p>01.07.2022; Gran Canaria \u2013 Am Donnerstag gegen 11:40 Uhr ereignete sich auf der GC-21, auf der H\u00f6he von El Tosc\u00f3n in der Gemeinde Teror, ein schwerer Verkehrsunfall. Wie die Notrufzentrale mitteilte, war ein Auto gegen die Mauer eines Wohnhauses gekracht. Mehrere Einsatzkr\u00e4fte, darunter Polizei, Hubschrauber und Rettungswagen, waren am Unfallort anwesend. Die vier Fahrzeuginsassen, eine [&hellip;]<\/p>\n","protected":false},"author":443,"featured_media":27946,"comment_status":"open","ping_status":"open","sticky":false,"template":"","format":"gallery","meta":[],"categories":[448,440,6,461],"tags":[567,8,2588,3088],"_links":{"self":[{"href":"https:\/\/canaryo.net\/portal\/wp-json\/wp\/v2\/posts\/27953"}],"collection":[{"href":"https:\/\/canaryo.net\/portal\/wp-json\/wp\/v2\/posts"}],"about":[{"href":"https:\/\/canaryo.net\/portal\/wp-json\/wp\/v2\/types\/post"}],"author":[{"embeddable":true,"href":"https:\/\/canaryo.net\/portal\/wp-json\/wp\/v2\/users\/443"}],"replies":[{"embeddable":true,"href":"https:\/\/canaryo.net\/portal\/wp-json\/wp\/v2\/comments?post=27953"}],"version-history":[{"count":1,"href":"https:\/\/canaryo.net\/portal\/wp-json\/wp\/v2\/posts\/27953\/revisions"}],"predecessor-version":[{"id":27954,"href":"https:\/\/canaryo.net\/portal\/wp-json\/wp\/v2\/posts\/27953\/revisions\/27954"}],"wp:featuredmedia":[{"embeddable":true,"href":"https:\/\/canaryo.net\/portal\/wp-json\/wp\/v2\/media\/27946"}],"wp:attachment":[{"href":"https:\/\/canaryo.net\/portal\/wp-json\/wp\/v2\/media?parent=27953"}],"wp:term":[{"taxonomy":"category","embeddable":true,"href":"https:\/\/canaryo.net\/portal\/wp-json\/wp\/v2\/categories?post=27953"},{"taxonomy":"post_tag","embeddable":true,"href":"https:\/\/canaryo.net\/portal\/wp-json\/wp\/v2\/tags?post=27953"}],"curies":[{"name":"wp","href":"https:\/\/api.w.org\/{rel}","templated":true}]}}