{"id":28008,"date":"2022-07-08T15:28:35","date_gmt":"2022-07-08T14:28:35","guid":{"rendered":"https:\/\/canaryo.net\/portal\/?p=28008"},"modified":"2022-07-18T11:19:24","modified_gmt":"2022-07-18T10:19:24","slug":"kind-bei-sturz-von-gebaeude-ums-leben-gekommen","status":"publish","type":"post","link":"https:\/\/canaryo.net\/portal\/kind-bei-sturz-von-gebaeude-ums-leben-gekommen\/","title":{"rendered":"Kind bei Sturz von Geb\u00e4ude ums Leben gekommen"},"content":{"rendered":"\n<p>08.07.2022; Teneriffa \u2013 Ein Minderj\u00e4hriger ist bei einem Sturz von einem Geb\u00e4ude in der Calle Aguere in der Hauptstadt, in der N\u00e4he des Barranco de Santos ums Leben gekommen. Nach Angaben einer Quelle st\u00fcrzte der 12-J\u00e4hrige aus einer der Wohnungen des Geb\u00e4udes in Puente Serrador. Der gerufene Notdienst konnte nur noch den Tod des Jungen best\u00e4tigen. Die Ermittlungen der Todesursache durch die Polizei dauern derzeit noch an. Der Vorfall hat in der Nachbarschaft f\u00fcr gro\u00dfe Aufruhr gesorgt, da einige Anwohner und Passanten Zeugen des Sturzes wurden.<\/p>\n\n\n\n<p>Bildquelle: La Provincia<\/p>\n\n\n\n<figure class=\"wp-block-gallery columns-0 is-cropped\"><ul class=\"blocks-gallery-grid\"><\/ul><\/figure>\n","protected":false},"excerpt":{"rendered":"<p>08.07.2022; Teneriffa \u2013 Ein Minderj\u00e4hriger ist bei einem Sturz von einem Geb\u00e4ude in der Calle Aguere in der Hauptstadt, in der N\u00e4he des Barranco de Santos ums Leben gekommen. Nach Angaben einer Quelle st\u00fcrzte der 12-J\u00e4hrige aus einer der Wohnungen des Geb\u00e4udes in Puente Serrador. Der gerufene Notdienst konnte nur noch den Tod des Jungen [&hellip;]<\/p>\n","protected":false},"author":443,"featured_media":28005,"comment_status":"open","ping_status":"open","sticky":false,"template":"","format":"gallery","meta":[],"categories":[6,441,461],"tags":[7301,1169,560,1058,9],"_links":{"self":[{"href":"https:\/\/canaryo.net\/portal\/wp-json\/wp\/v2\/posts\/28008"}],"collection":[{"href":"https:\/\/canaryo.net\/portal\/wp-json\/wp\/v2\/posts"}],"about":[{"href":"https:\/\/canaryo.net\/portal\/wp-json\/wp\/v2\/types\/post"}],"author":[{"embeddable":true,"href":"https:\/\/canaryo.net\/portal\/wp-json\/wp\/v2\/users\/443"}],"replies":[{"embeddable":true,"href":"https:\/\/canaryo.net\/portal\/wp-json\/wp\/v2\/comments?post=28008"}],"version-history":[{"count":2,"href":"https:\/\/canaryo.net\/portal\/wp-json\/wp\/v2\/posts\/28008\/revisions"}],"predecessor-version":[{"id":28010,"href":"https:\/\/canaryo.net\/portal\/wp-json\/wp\/v2\/posts\/28008\/revisions\/28010"}],"wp:featuredmedia":[{"embeddable":true,"href":"https:\/\/canaryo.net\/portal\/wp-json\/wp\/v2\/media\/28005"}],"wp:attachment":[{"href":"https:\/\/canaryo.net\/portal\/wp-json\/wp\/v2\/media?parent=28008"}],"wp:term":[{"taxonomy":"category","embeddable":true,"href":"https:\/\/canaryo.net\/portal\/wp-json\/wp\/v2\/categories?post=28008"},{"taxonomy":"post_tag","embeddable":true,"href":"https:\/\/canaryo.net\/portal\/wp-json\/wp\/v2\/tags?post=28008"}],"curies":[{"name":"wp","href":"https:\/\/api.w.org\/{rel}","templated":true}]}}