{"id":28042,"date":"2022-07-14T17:09:13","date_gmt":"2022-07-14T16:09:13","guid":{"rendered":"https:\/\/canaryo.net\/portal\/?p=28042"},"modified":"2022-07-25T09:15:19","modified_gmt":"2022-07-25T08:15:19","slug":"aldi-eroeffnet-erste-laeden","status":"publish","type":"post","link":"https:\/\/canaryo.net\/portal\/aldi-eroeffnet-erste-laeden\/","title":{"rendered":"Aldi er\u00f6ffnet erste L\u00e4den"},"content":{"rendered":"\n<p>14.07.2022; Kanaren \u2013 Der deutsche Discounter Aldi hat am Mittwoch seine ersten vier L\u00e4den auf den Inseln er\u00f6ffnet. Der gr\u00f6\u00dfte Supermarkt befindet sich in Las Palmas im Viertel Miller Bajo und erstreckt sich \u00fcber eine Fl\u00e4che von 1.500 m\u00b2, wobei der zweite auf Gran Canaria in Telde seinen Standort hat. Zudem steht das Logistikzentrum f\u00fcr die Kanaren im Industriegebiet von Arinaga. Die anderen beiden Superm\u00e4rkte liegen auf Teneriffa, in La Laguna und in Arafo, beide mit einer Fl\u00e4che von ca. 1.300m\u00b2. Aldi bedankte sich bei seinen Kunden, von denen manche bereits eine Stunde vor Ladener\u00f6ffnung schon vor den T\u00fcren standen, f\u00fcr ihre Unterst\u00fctzung und betonte, dass 20% der angebotenen Produkte von kanarischen Zulieferern stammen, wobei die Firmenpolitik lautet, die Kosten f\u00fcr die Verbraucher niedrig zu halten.<\/p>\n\n\n\n<p>Bildquelle: Canarias 7<\/p>\n\n\n\n<figure class=\"wp-block-gallery columns-0 is-cropped\"><ul class=\"blocks-gallery-grid\"><\/ul><\/figure>\n","protected":false},"excerpt":{"rendered":"<p>14.07.2022; Kanaren \u2013 Der deutsche Discounter Aldi hat am Mittwoch seine ersten vier L\u00e4den auf den Inseln er\u00f6ffnet. Der gr\u00f6\u00dfte Supermarkt befindet sich in Las Palmas im Viertel Miller Bajo und erstreckt sich \u00fcber eine Fl\u00e4che von 1.500 m\u00b2, wobei der zweite auf Gran Canaria in Telde seinen Standort hat. Zudem steht das Logistikzentrum f\u00fcr [&hellip;]<\/p>\n","protected":false},"author":443,"featured_media":28044,"comment_status":"open","ping_status":"open","sticky":false,"template":"","format":"gallery","meta":[],"categories":[439,528,6],"tags":[5763,966,2398,476],"_links":{"self":[{"href":"https:\/\/canaryo.net\/portal\/wp-json\/wp\/v2\/posts\/28042"}],"collection":[{"href":"https:\/\/canaryo.net\/portal\/wp-json\/wp\/v2\/posts"}],"about":[{"href":"https:\/\/canaryo.net\/portal\/wp-json\/wp\/v2\/types\/post"}],"author":[{"embeddable":true,"href":"https:\/\/canaryo.net\/portal\/wp-json\/wp\/v2\/users\/443"}],"replies":[{"embeddable":true,"href":"https:\/\/canaryo.net\/portal\/wp-json\/wp\/v2\/comments?post=28042"}],"version-history":[{"count":2,"href":"https:\/\/canaryo.net\/portal\/wp-json\/wp\/v2\/posts\/28042\/revisions"}],"predecessor-version":[{"id":28047,"href":"https:\/\/canaryo.net\/portal\/wp-json\/wp\/v2\/posts\/28042\/revisions\/28047"}],"wp:featuredmedia":[{"embeddable":true,"href":"https:\/\/canaryo.net\/portal\/wp-json\/wp\/v2\/media\/28044"}],"wp:attachment":[{"href":"https:\/\/canaryo.net\/portal\/wp-json\/wp\/v2\/media?parent=28042"}],"wp:term":[{"taxonomy":"category","embeddable":true,"href":"https:\/\/canaryo.net\/portal\/wp-json\/wp\/v2\/categories?post=28042"},{"taxonomy":"post_tag","embeddable":true,"href":"https:\/\/canaryo.net\/portal\/wp-json\/wp\/v2\/tags?post=28042"}],"curies":[{"name":"wp","href":"https:\/\/api.w.org\/{rel}","templated":true}]}}