{"id":28192,"date":"2022-08-04T18:28:44","date_gmt":"2022-08-04T17:28:44","guid":{"rendered":"https:\/\/canaryo.net\/portal\/?p=28192"},"modified":"2022-08-16T08:03:35","modified_gmt":"2022-08-16T07:03:35","slug":"zwei-verletzte-nach-schlaegerei","status":"publish","type":"post","link":"https:\/\/canaryo.net\/portal\/zwei-verletzte-nach-schlaegerei\/","title":{"rendered":"Zwei Verletzte nach Schl\u00e4gerei"},"content":{"rendered":"\n<p>04.08.2022; Teneriffa \u2013 Am Mittwoch Nacht gegen 22:57 Uhr ging bei der kanarischen Notrufzentrale die Meldung ein, dass in der Calle La Hoya eine Schl\u00e4gerei zwischen zwei Personen stattgefunden h\u00e4tte, bei der ein Mann mit einem Messer angegriffen wurde. Es wurden sofort die erforderlichen Notfallressourcen aktiviert und zum Tatort geschickt, wo das medizinische Personal beide Personen versorgte. Ein 34-j\u00e4hriger Mann erlitt mittelschwere Stichverletzungen an den Armen und wurde mit dem Krankenwagen ins Krankenhaus Nuestra Se\u00f1ora de la Candelaria gebracht. Der andere Schl\u00e4gereiteilnehmer, ein 55\u2013j\u00e4hriger Mann, wurde mit leichten Prellungen ins \u00c4rztezentrum von T\u00edncer \u00fcberwiesen. Die Polizei hat die Ermittlungen zu dem Fall eingeleitet.<\/p>\n\n\n\n<p>Bildquelle: Canarias 7<\/p>\n\n\n\n<figure class=\"wp-block-gallery columns-0 is-cropped\"><ul class=\"blocks-gallery-grid\"><\/ul><\/figure>\n","protected":false},"excerpt":{"rendered":"<p>04.08.2022; Teneriffa \u2013 Am Mittwoch Nacht gegen 22:57 Uhr ging bei der kanarischen Notrufzentrale die Meldung ein, dass in der Calle La Hoya eine Schl\u00e4gerei zwischen zwei Personen stattgefunden h\u00e4tte, bei der ein Mann mit einem Messer angegriffen wurde. Es wurden sofort die erforderlichen Notfallressourcen aktiviert und zum Tatort geschickt, wo das medizinische Personal beide [&hellip;]<\/p>\n","protected":false},"author":443,"featured_media":28186,"comment_status":"open","ping_status":"open","sticky":false,"template":"","format":"gallery","meta":[],"categories":[1658,494,441],"tags":[641,1159,9,700],"_links":{"self":[{"href":"https:\/\/canaryo.net\/portal\/wp-json\/wp\/v2\/posts\/28192"}],"collection":[{"href":"https:\/\/canaryo.net\/portal\/wp-json\/wp\/v2\/posts"}],"about":[{"href":"https:\/\/canaryo.net\/portal\/wp-json\/wp\/v2\/types\/post"}],"author":[{"embeddable":true,"href":"https:\/\/canaryo.net\/portal\/wp-json\/wp\/v2\/users\/443"}],"replies":[{"embeddable":true,"href":"https:\/\/canaryo.net\/portal\/wp-json\/wp\/v2\/comments?post=28192"}],"version-history":[{"count":1,"href":"https:\/\/canaryo.net\/portal\/wp-json\/wp\/v2\/posts\/28192\/revisions"}],"predecessor-version":[{"id":28193,"href":"https:\/\/canaryo.net\/portal\/wp-json\/wp\/v2\/posts\/28192\/revisions\/28193"}],"wp:featuredmedia":[{"embeddable":true,"href":"https:\/\/canaryo.net\/portal\/wp-json\/wp\/v2\/media\/28186"}],"wp:attachment":[{"href":"https:\/\/canaryo.net\/portal\/wp-json\/wp\/v2\/media?parent=28192"}],"wp:term":[{"taxonomy":"category","embeddable":true,"href":"https:\/\/canaryo.net\/portal\/wp-json\/wp\/v2\/categories?post=28192"},{"taxonomy":"post_tag","embeddable":true,"href":"https:\/\/canaryo.net\/portal\/wp-json\/wp\/v2\/tags?post=28192"}],"curies":[{"name":"wp","href":"https:\/\/api.w.org\/{rel}","templated":true}]}}