{"id":28235,"date":"2022-08-10T17:24:35","date_gmt":"2022-08-10T16:24:35","guid":{"rendered":"https:\/\/canaryo.net\/portal\/?p=28235"},"modified":"2022-08-22T17:56:58","modified_gmt":"2022-08-22T16:56:58","slug":"las-palmas-wird-nachts-abgeschaltet","status":"publish","type":"post","link":"https:\/\/canaryo.net\/portal\/las-palmas-wird-nachts-abgeschaltet\/","title":{"rendered":"Las Palmas wird nachts abgeschaltet"},"content":{"rendered":"\n<p>10.08.2022; Gran Canaria \u2013 Die Stadtverwaltung der Inselhauptstadt schaltet ab Mittwochabend um 22.00 Uhr die Au\u00dfen- und Innenbeleuchtung der st\u00e4dtischen Geb\u00e4ude aus, die nicht besetzt sind. Zus\u00e4tzlich soll sichergestellt werden, dass die K\u00fchlr\u00e4ume nicht an sind. Auf diese Weise soll das Engagement f\u00fcr den Klimawandel und die dazugeh\u00f6rigen Energieeinsparungen des am 01. August von der Regierung verabschiedeten Ma\u00dfnahmenpakets zur Energieeinsparung und \u2013management in den Bereichen Klimatisierung und Beleuchtung in nicht privaten Haushalten gezeigt werden. Die Ma\u00dfnahmen zielen darauf ab, die europ\u00e4ischen Verpflichtungen im Zusammenhang mit dem Konflikt in der Ukraine zu erf\u00fcllen und den Energieverbrauch schnell und wirksam zu senken und treten zun\u00e4chst bis zum 01. November 2023 in Kraft.<\/p>\n\n\n\n<p>Bildquelle: Canarias 7<\/p>\n\n\n\n<figure class=\"wp-block-gallery columns-0 is-cropped\"><ul class=\"blocks-gallery-grid\"><\/ul><\/figure>\n","protected":false},"excerpt":{"rendered":"<p>10.08.2022; Gran Canaria \u2013 Die Stadtverwaltung der Inselhauptstadt schaltet ab Mittwochabend um 22.00 Uhr die Au\u00dfen- und Innenbeleuchtung der st\u00e4dtischen Geb\u00e4ude aus, die nicht besetzt sind. Zus\u00e4tzlich soll sichergestellt werden, dass die K\u00fchlr\u00e4ume nicht an sind. Auf diese Weise soll das Engagement f\u00fcr den Klimawandel und die dazugeh\u00f6rigen Energieeinsparungen des am 01. August von der [&hellip;]<\/p>\n","protected":false},"author":443,"featured_media":28232,"comment_status":"open","ping_status":"open","sticky":false,"template":"","format":"gallery","meta":[],"categories":[1658,440,6,640],"tags":[8,5489,435,8808],"_links":{"self":[{"href":"https:\/\/canaryo.net\/portal\/wp-json\/wp\/v2\/posts\/28235"}],"collection":[{"href":"https:\/\/canaryo.net\/portal\/wp-json\/wp\/v2\/posts"}],"about":[{"href":"https:\/\/canaryo.net\/portal\/wp-json\/wp\/v2\/types\/post"}],"author":[{"embeddable":true,"href":"https:\/\/canaryo.net\/portal\/wp-json\/wp\/v2\/users\/443"}],"replies":[{"embeddable":true,"href":"https:\/\/canaryo.net\/portal\/wp-json\/wp\/v2\/comments?post=28235"}],"version-history":[{"count":1,"href":"https:\/\/canaryo.net\/portal\/wp-json\/wp\/v2\/posts\/28235\/revisions"}],"predecessor-version":[{"id":28236,"href":"https:\/\/canaryo.net\/portal\/wp-json\/wp\/v2\/posts\/28235\/revisions\/28236"}],"wp:featuredmedia":[{"embeddable":true,"href":"https:\/\/canaryo.net\/portal\/wp-json\/wp\/v2\/media\/28232"}],"wp:attachment":[{"href":"https:\/\/canaryo.net\/portal\/wp-json\/wp\/v2\/media?parent=28235"}],"wp:term":[{"taxonomy":"category","embeddable":true,"href":"https:\/\/canaryo.net\/portal\/wp-json\/wp\/v2\/categories?post=28235"},{"taxonomy":"post_tag","embeddable":true,"href":"https:\/\/canaryo.net\/portal\/wp-json\/wp\/v2\/tags?post=28235"}],"curies":[{"name":"wp","href":"https:\/\/api.w.org\/{rel}","templated":true}]}}