{"id":28414,"date":"2022-09-03T01:31:41","date_gmt":"2022-09-03T00:31:41","guid":{"rendered":"https:\/\/canaryo.net\/portal\/?p=28414"},"modified":"2022-09-12T06:58:24","modified_gmt":"2022-09-12T05:58:24","slug":"busfahrpauschale-wird-billiger","status":"publish","type":"post","link":"https:\/\/canaryo.net\/portal\/busfahrpauschale-wird-billiger\/","title":{"rendered":"Busfahrpauschale wird billiger"},"content":{"rendered":"\n<p>02.09.2022; Gran Canaria \u2013 Die \u00f6ffentlich-rechtliche Busgesellschaft hat zum 1. September erneut die Preise der Monatstickets, diesmal dank einer staatlichen Subvention gesenkt. Somit betr\u00e4gt der Preis, um sich unbegrenzt auf der Insel mit dem Bus fortzubewegen 10 Euro monatlich f\u00fcr Rentner und Jugendliche und 14 Euro f\u00fcr Residenten. Insgesamt wurden die Geb\u00fchren f\u00fcr den \u00f6ffentlichen Nahverkehr in den letzten sieben Jahren um 78 % gesenkt, was enorme Einsparnisse vor allem bei h\u00e4ufigen Nutzern der Buslinien bedeutet. Hat beispielsweise ein Student, der im S\u00fcden wohnt und zur Uni nach Las Palmas f\u00e4hrt, im Jahr 2015 132 Euro bezahlt, so zahlt er heute nur noch 10. Derzeit gibt es auf der Insel etwa 150.000 Nutzer dieser Monatskarten.<\/p>\n\n\n\n<p>Bildquelle: Canarias 7<\/p>\n\n\n\n<figure class=\"wp-block-gallery columns-0 is-cropped\"><ul class=\"blocks-gallery-grid\"><\/ul><\/figure>\n","protected":false},"excerpt":{"rendered":"<p>02.09.2022; Gran Canaria \u2013 Die \u00f6ffentlich-rechtliche Busgesellschaft hat zum 1. September erneut die Preise der Monatstickets, diesmal dank einer staatlichen Subvention gesenkt. Somit betr\u00e4gt der Preis, um sich unbegrenzt auf der Insel mit dem Bus fortzubewegen 10 Euro monatlich f\u00fcr Rentner und Jugendliche und 14 Euro f\u00fcr Residenten. Insgesamt wurden die Geb\u00fchren f\u00fcr den \u00f6ffentlichen [&hellip;]<\/p>\n","protected":false},"author":443,"featured_media":28412,"comment_status":"open","ping_status":"open","sticky":false,"template":"","format":"gallery","meta":[],"categories":[448,1658,440,6],"tags":[3695,8,908,8851],"_links":{"self":[{"href":"https:\/\/canaryo.net\/portal\/wp-json\/wp\/v2\/posts\/28414"}],"collection":[{"href":"https:\/\/canaryo.net\/portal\/wp-json\/wp\/v2\/posts"}],"about":[{"href":"https:\/\/canaryo.net\/portal\/wp-json\/wp\/v2\/types\/post"}],"author":[{"embeddable":true,"href":"https:\/\/canaryo.net\/portal\/wp-json\/wp\/v2\/users\/443"}],"replies":[{"embeddable":true,"href":"https:\/\/canaryo.net\/portal\/wp-json\/wp\/v2\/comments?post=28414"}],"version-history":[{"count":3,"href":"https:\/\/canaryo.net\/portal\/wp-json\/wp\/v2\/posts\/28414\/revisions"}],"predecessor-version":[{"id":28417,"href":"https:\/\/canaryo.net\/portal\/wp-json\/wp\/v2\/posts\/28414\/revisions\/28417"}],"wp:featuredmedia":[{"embeddable":true,"href":"https:\/\/canaryo.net\/portal\/wp-json\/wp\/v2\/media\/28412"}],"wp:attachment":[{"href":"https:\/\/canaryo.net\/portal\/wp-json\/wp\/v2\/media?parent=28414"}],"wp:term":[{"taxonomy":"category","embeddable":true,"href":"https:\/\/canaryo.net\/portal\/wp-json\/wp\/v2\/categories?post=28414"},{"taxonomy":"post_tag","embeddable":true,"href":"https:\/\/canaryo.net\/portal\/wp-json\/wp\/v2\/tags?post=28414"}],"curies":[{"name":"wp","href":"https:\/\/api.w.org\/{rel}","templated":true}]}}