{"id":28973,"date":"2022-11-09T23:49:06","date_gmt":"2022-11-09T22:49:06","guid":{"rendered":"https:\/\/canaryo.net\/portal\/?p=28973"},"modified":"2022-11-18T19:16:05","modified_gmt":"2022-11-18T18:16:05","slug":"neues-parkhaus-eroeffnet","status":"publish","type":"post","link":"https:\/\/canaryo.net\/portal\/neues-parkhaus-eroeffnet\/","title":{"rendered":"Neues Parkhaus er\u00f6ffnet"},"content":{"rendered":"\n<p>09.11.2022; Gran Canaria \u2013 Im bev\u00f6lkerungsreichsten Stadtteil von Mog\u00e1n, Arguinegu\u00edn ist ein Parkhaus mit 506 Stellpl\u00e4tzen verteilt auf zwei Etagen, er\u00f6ffnet worden. Das untere Stockwerk ist dabei ausschlie\u00dflich f\u00fcr Dauernutzer vorgesehen, w\u00e4hrend die Pl\u00e4tze oben von externen Kunden genutzt werden k\u00f6nnen. B\u00fcrgermeisterin Onalia Bueno weihte die Einrichtungen mit einem Rundgang durch die R\u00e4umlichkeiten ein. Sie unterstrich den enormen Aufwand, den der Bau bedeutete, der 2018 begann und eine Investition von 12 Millionen Euro erforderte. F\u00fcr die von einem st\u00e4dtischen Unternehmen verwaltete Einrichtung wird im ersten Jahr ein wirtschaftlicher Ertrag in H\u00f6he von 580.000 Euro erwartet.<\/p>\n\n\n\n<p>Bildquelle: Canarias 7<\/p>\n\n\n\n<figure class=\"wp-block-gallery columns-0 is-cropped\"><ul class=\"blocks-gallery-grid\"><\/ul><\/figure>\n","protected":false},"excerpt":{"rendered":"<p>09.11.2022; Gran Canaria \u2013 Im bev\u00f6lkerungsreichsten Stadtteil von Mog\u00e1n, Arguinegu\u00edn ist ein Parkhaus mit 506 Stellpl\u00e4tzen verteilt auf zwei Etagen, er\u00f6ffnet worden. Das untere Stockwerk ist dabei ausschlie\u00dflich f\u00fcr Dauernutzer vorgesehen, w\u00e4hrend die Pl\u00e4tze oben von externen Kunden genutzt werden k\u00f6nnen. B\u00fcrgermeisterin Onalia Bueno weihte die Einrichtungen mit einem Rundgang durch die R\u00e4umlichkeiten ein. Sie [&hellip;]<\/p>\n","protected":false},"author":443,"featured_media":28966,"comment_status":"open","ping_status":"open","sticky":false,"template":"","format":"gallery","meta":[],"categories":[448,440,6],"tags":[605,8,1988,8947],"_links":{"self":[{"href":"https:\/\/canaryo.net\/portal\/wp-json\/wp\/v2\/posts\/28973"}],"collection":[{"href":"https:\/\/canaryo.net\/portal\/wp-json\/wp\/v2\/posts"}],"about":[{"href":"https:\/\/canaryo.net\/portal\/wp-json\/wp\/v2\/types\/post"}],"author":[{"embeddable":true,"href":"https:\/\/canaryo.net\/portal\/wp-json\/wp\/v2\/users\/443"}],"replies":[{"embeddable":true,"href":"https:\/\/canaryo.net\/portal\/wp-json\/wp\/v2\/comments?post=28973"}],"version-history":[{"count":2,"href":"https:\/\/canaryo.net\/portal\/wp-json\/wp\/v2\/posts\/28973\/revisions"}],"predecessor-version":[{"id":28975,"href":"https:\/\/canaryo.net\/portal\/wp-json\/wp\/v2\/posts\/28973\/revisions\/28975"}],"wp:featuredmedia":[{"embeddable":true,"href":"https:\/\/canaryo.net\/portal\/wp-json\/wp\/v2\/media\/28966"}],"wp:attachment":[{"href":"https:\/\/canaryo.net\/portal\/wp-json\/wp\/v2\/media?parent=28973"}],"wp:term":[{"taxonomy":"category","embeddable":true,"href":"https:\/\/canaryo.net\/portal\/wp-json\/wp\/v2\/categories?post=28973"},{"taxonomy":"post_tag","embeddable":true,"href":"https:\/\/canaryo.net\/portal\/wp-json\/wp\/v2\/tags?post=28973"}],"curies":[{"name":"wp","href":"https:\/\/api.w.org\/{rel}","templated":true}]}}