{"id":29373,"date":"2023-01-01T09:18:00","date_gmt":"2023-01-01T08:18:00","guid":{"rendered":"https:\/\/canaryo.net\/portal\/?p=29373"},"modified":"2023-01-16T16:04:02","modified_gmt":"2023-01-16T15:04:02","slug":"polizei-ermittelt-gegen-brandstifter","status":"publish","type":"post","link":"https:\/\/canaryo.net\/portal\/polizei-ermittelt-gegen-brandstifter\/","title":{"rendered":"Polizei ermittelt gegen Brandstifter"},"content":{"rendered":"\n<p>01.01.2023; Gran Canarias \u2013 Die Polizei hat eine Untersuchung zur Identifizierung der Personen eingeleitet, denen vorgeworfen wird, zwei Autos eines Zentrums f\u00fcr Minderj\u00e4hrige im Viertel Tafira Baja in der Hauptstadt angez\u00fcndet zu haben. Zeugen haben beobachtet, wie die mutma\u00dflichen Brandstifter zun\u00e4chst eine brennbare Fl\u00fcssigkeit \u00fcber die beiden geparkten Fahrzeuge gesch\u00fcttet und anschlie\u00dfend in Brand gesetzt haben. Dann sind sie vom Tatort gefl\u00fcchtet, w\u00e4hrend die beiden Fahrzeuge v\u00f6llig von den Flammen zerst\u00f6rt wurden. Die Anwohner weisen schon seit L\u00e4ngerem auf Sicherheitsprobleme in den letzten Jahren in der Gegend hin, ohne dass etwas unternommen wird. Laut Aussage eines Nachbarn, der die Szene gefilmt hatte, traf die Feuerwehr erst nach mehr als 45 Minuten am Tatort ein, w\u00e4hrend die Polizei hilflos vor den Flammen stand. Au\u00dfer den beiden Autos kam nichts zu Schaden.<\/p>\n\n\n\n<p>Bildquelle: La Provincia<\/p>\n\n\n\n<figure class=\"wp-block-gallery columns-0 is-cropped\"><ul class=\"blocks-gallery-grid\"><\/ul><\/figure>\n","protected":false},"excerpt":{"rendered":"<p>01.01.2023; Gran Canarias \u2013 Die Polizei hat eine Untersuchung zur Identifizierung der Personen eingeleitet, denen vorgeworfen wird, zwei Autos eines Zentrums f\u00fcr Minderj\u00e4hrige im Viertel Tafira Baja in der Hauptstadt angez\u00fcndet zu haben. Zeugen haben beobachtet, wie die mutma\u00dflichen Brandstifter zun\u00e4chst eine brennbare Fl\u00fcssigkeit \u00fcber die beiden geparkten Fahrzeuge gesch\u00fcttet und anschlie\u00dfend in Brand gesetzt [&hellip;]<\/p>\n","protected":false},"author":443,"featured_media":29352,"comment_status":"open","ping_status":"open","sticky":false,"template":"","format":"gallery","meta":[],"categories":[448,440,494,6],"tags":[567,697,1166,8],"_links":{"self":[{"href":"https:\/\/canaryo.net\/portal\/wp-json\/wp\/v2\/posts\/29373"}],"collection":[{"href":"https:\/\/canaryo.net\/portal\/wp-json\/wp\/v2\/posts"}],"about":[{"href":"https:\/\/canaryo.net\/portal\/wp-json\/wp\/v2\/types\/post"}],"author":[{"embeddable":true,"href":"https:\/\/canaryo.net\/portal\/wp-json\/wp\/v2\/users\/443"}],"replies":[{"embeddable":true,"href":"https:\/\/canaryo.net\/portal\/wp-json\/wp\/v2\/comments?post=29373"}],"version-history":[{"count":2,"href":"https:\/\/canaryo.net\/portal\/wp-json\/wp\/v2\/posts\/29373\/revisions"}],"predecessor-version":[{"id":29379,"href":"https:\/\/canaryo.net\/portal\/wp-json\/wp\/v2\/posts\/29373\/revisions\/29379"}],"wp:featuredmedia":[{"embeddable":true,"href":"https:\/\/canaryo.net\/portal\/wp-json\/wp\/v2\/media\/29352"}],"wp:attachment":[{"href":"https:\/\/canaryo.net\/portal\/wp-json\/wp\/v2\/media?parent=29373"}],"wp:term":[{"taxonomy":"category","embeddable":true,"href":"https:\/\/canaryo.net\/portal\/wp-json\/wp\/v2\/categories?post=29373"},{"taxonomy":"post_tag","embeddable":true,"href":"https:\/\/canaryo.net\/portal\/wp-json\/wp\/v2\/tags?post=29373"}],"curies":[{"name":"wp","href":"https:\/\/api.w.org\/{rel}","templated":true}]}}