{"id":29555,"date":"2023-02-14T10:07:29","date_gmt":"2023-02-14T09:07:29","guid":{"rendered":"https:\/\/canaryo.net\/portal\/?p=29555"},"modified":"2023-03-02T15:52:06","modified_gmt":"2023-03-02T14:52:06","slug":"zwei-junge-maenner-von-auto-ueberfahren","status":"publish","type":"post","link":"https:\/\/canaryo.net\/portal\/zwei-junge-maenner-von-auto-ueberfahren\/","title":{"rendered":"Zwei junge M\u00e4nner von Auto \u00fcberfahren"},"content":{"rendered":"\n<p>14.02.2023; Gran Canaria \u2013 Zwei junge M\u00e4nner wurden bei einem Verkehrsunfall, bei dem sie von einem Auto \u00fcberfahren wurden, schwer verletzt. Wie die kanarische Rufrufzentrale mitteilte, ereignete sich der Vorfall am vergangenen Sonntagabend um 21:07 Uhr auf der Avenida del Atl\u00e1ntico in der Gemeinde Santa Luc\u00eda. Ein 17-j\u00e4hriger Mann wies bei der Erstversorgung schwere Brustverletzungen auf, weswegen er mit einem Rettungswagen in das Hospital Universitario Insular gebracht wurde. Das andere Opfer, ein 30-j\u00e4hriger Mann erlitt mehrere schwere Verletzungen und wurde ebenfalls mit einem Krankenwagen in dasselbe Krankenhaus gebracht. Die Polizei, die ebenfalls am Unfallort anwesend war, leitete die Ermittlungen.<\/p>\n\n\n\n<p>Bildquelle: Canarias 7<\/p>\n\n\n\n<figure class=\"wp-block-gallery columns-0 is-cropped\"><ul class=\"blocks-gallery-grid\"><\/ul><\/figure>\n","protected":false},"excerpt":{"rendered":"<p>14.02.2023; Gran Canaria \u2013 Zwei junge M\u00e4nner wurden bei einem Verkehrsunfall, bei dem sie von einem Auto \u00fcberfahren wurden, schwer verletzt. Wie die kanarische Rufrufzentrale mitteilte, ereignete sich der Vorfall am vergangenen Sonntagabend um 21:07 Uhr auf der Avenida del Atl\u00e1ntico in der Gemeinde Santa Luc\u00eda. Ein 17-j\u00e4hriger Mann wies bei der Erstversorgung schwere Brustverletzungen [&hellip;]<\/p>\n","protected":false},"author":443,"featured_media":29556,"comment_status":"open","ping_status":"open","sticky":false,"template":"","format":"gallery","meta":[],"categories":[448,440,6,461],"tags":[8,696,1317,1560],"_links":{"self":[{"href":"https:\/\/canaryo.net\/portal\/wp-json\/wp\/v2\/posts\/29555"}],"collection":[{"href":"https:\/\/canaryo.net\/portal\/wp-json\/wp\/v2\/posts"}],"about":[{"href":"https:\/\/canaryo.net\/portal\/wp-json\/wp\/v2\/types\/post"}],"author":[{"embeddable":true,"href":"https:\/\/canaryo.net\/portal\/wp-json\/wp\/v2\/users\/443"}],"replies":[{"embeddable":true,"href":"https:\/\/canaryo.net\/portal\/wp-json\/wp\/v2\/comments?post=29555"}],"version-history":[{"count":2,"href":"https:\/\/canaryo.net\/portal\/wp-json\/wp\/v2\/posts\/29555\/revisions"}],"predecessor-version":[{"id":29559,"href":"https:\/\/canaryo.net\/portal\/wp-json\/wp\/v2\/posts\/29555\/revisions\/29559"}],"wp:featuredmedia":[{"embeddable":true,"href":"https:\/\/canaryo.net\/portal\/wp-json\/wp\/v2\/media\/29556"}],"wp:attachment":[{"href":"https:\/\/canaryo.net\/portal\/wp-json\/wp\/v2\/media?parent=29555"}],"wp:term":[{"taxonomy":"category","embeddable":true,"href":"https:\/\/canaryo.net\/portal\/wp-json\/wp\/v2\/categories?post=29555"},{"taxonomy":"post_tag","embeddable":true,"href":"https:\/\/canaryo.net\/portal\/wp-json\/wp\/v2\/tags?post=29555"}],"curies":[{"name":"wp","href":"https:\/\/api.w.org\/{rel}","templated":true}]}}