{"id":29560,"date":"2023-02-14T10:09:32","date_gmt":"2023-02-14T09:09:32","guid":{"rendered":"https:\/\/canaryo.net\/portal\/?p=29560"},"modified":"2023-03-03T10:41:37","modified_gmt":"2023-03-03T09:41:37","slug":"kabelmast-faellt-auf-mann","status":"publish","type":"post","link":"https:\/\/canaryo.net\/portal\/kabelmast-faellt-auf-mann\/","title":{"rendered":"Kabelmast f\u00e4llt auf Mann"},"content":{"rendered":"\n<p>14.02.2023; Gran Canaria \u2013 Ein umgest\u00fcrzter Kabelmast in der Gemeinde San Lorenzo hat am Montag zu einer zeitweiligen Sperrung der Stra\u00dfe in beide Richtungen auf H\u00f6he der Nummer 153 gef\u00fchrt. Der Mast war zudem auf einem Mann gefallen, der anschlie\u00dfend mit leichten Verletzungen an Kopf und Schulter in ein \u00c4rztezentrum gebracht werden musste.<\/p>\n\n\n\n<p>Bildquelle: Canarias 7<\/p>\n\n\n\n<figure class=\"wp-block-gallery columns-0 is-cropped\"><ul class=\"blocks-gallery-grid\"><\/ul><\/figure>\n","protected":false},"excerpt":{"rendered":"<p>14.02.2023; Gran Canaria \u2013 Ein umgest\u00fcrzter Kabelmast in der Gemeinde San Lorenzo hat am Montag zu einer zeitweiligen Sperrung der Stra\u00dfe in beide Richtungen auf H\u00f6he der Nummer 153 gef\u00fchrt. Der Mast war zudem auf einem Mann gefallen, der anschlie\u00dfend mit leichten Verletzungen an Kopf und Schulter in ein \u00c4rztezentrum gebracht werden musste. Bildquelle: Canarias [&hellip;]<\/p>\n","protected":false},"author":443,"featured_media":29557,"comment_status":"open","ping_status":"open","sticky":false,"template":"","format":"gallery","meta":[],"categories":[440,6,461],"tags":[8,9049,3604,2188],"_links":{"self":[{"href":"https:\/\/canaryo.net\/portal\/wp-json\/wp\/v2\/posts\/29560"}],"collection":[{"href":"https:\/\/canaryo.net\/portal\/wp-json\/wp\/v2\/posts"}],"about":[{"href":"https:\/\/canaryo.net\/portal\/wp-json\/wp\/v2\/types\/post"}],"author":[{"embeddable":true,"href":"https:\/\/canaryo.net\/portal\/wp-json\/wp\/v2\/users\/443"}],"replies":[{"embeddable":true,"href":"https:\/\/canaryo.net\/portal\/wp-json\/wp\/v2\/comments?post=29560"}],"version-history":[{"count":2,"href":"https:\/\/canaryo.net\/portal\/wp-json\/wp\/v2\/posts\/29560\/revisions"}],"predecessor-version":[{"id":29562,"href":"https:\/\/canaryo.net\/portal\/wp-json\/wp\/v2\/posts\/29560\/revisions\/29562"}],"wp:featuredmedia":[{"embeddable":true,"href":"https:\/\/canaryo.net\/portal\/wp-json\/wp\/v2\/media\/29557"}],"wp:attachment":[{"href":"https:\/\/canaryo.net\/portal\/wp-json\/wp\/v2\/media?parent=29560"}],"wp:term":[{"taxonomy":"category","embeddable":true,"href":"https:\/\/canaryo.net\/portal\/wp-json\/wp\/v2\/categories?post=29560"},{"taxonomy":"post_tag","embeddable":true,"href":"https:\/\/canaryo.net\/portal\/wp-json\/wp\/v2\/tags?post=29560"}],"curies":[{"name":"wp","href":"https:\/\/api.w.org\/{rel}","templated":true}]}}