{"id":29744,"date":"2023-03-29T16:55:38","date_gmt":"2023-03-29T15:55:38","guid":{"rendered":"https:\/\/canaryo.net\/portal\/?p=29744"},"modified":"2023-04-19T18:57:49","modified_gmt":"2023-04-19T17:57:49","slug":"springbrunnen-fliesst-wieder","status":"publish","type":"post","link":"https:\/\/canaryo.net\/portal\/springbrunnen-fliesst-wieder\/","title":{"rendered":"Springbrunnen flie\u00dft wieder"},"content":{"rendered":"\n<p>29.03.2023; Gran Canaria \u2013 Der emblematische Springbrunnen im Park von Siete Palmas ist nach mehreren Jahren erzwungener Trockenheit aufgrund eines Lecks im Becken wieder in Betrieb genommen worden. Wie die zust\u00e4ndigen Techniker erkl\u00e4rten, wurde jeder Stein des Beckens von Hand entfernt und wieder eingesetzt und eine neue, dickere Plastikfolie am Boden verlegt. Auch die Insel in der Mitte wurde neu gemacht und zwei Zug\u00e4nge zum Wartungsraum hinter dem Wasserfall geschaffen. Dieser wird in den n\u00e4chsten Tagen, wenn der optimale Wasserstand des Teichs erreicht ist, ebenfalls wieder laufen. Bez\u00fcglich der Schw\u00e4ne, die im Zuge der Arbeiten umgesiedelt werden mussten, stehe noch eine Debatte an, ob diese zur\u00fcckkehren werden, wie der B\u00fcrgermeister der Inselhauptstadt mitteilte.<\/p>\n\n\n\n<p>Bildquelle: Canarias 7<\/p>\n\n\n\n<figure class=\"wp-block-gallery columns-0 is-cropped\"><ul class=\"blocks-gallery-grid\"><\/ul><\/figure>\n","protected":false},"excerpt":{"rendered":"<p>29.03.2023; Gran Canaria \u2013 Der emblematische Springbrunnen im Park von Siete Palmas ist nach mehreren Jahren erzwungener Trockenheit aufgrund eines Lecks im Becken wieder in Betrieb genommen worden. Wie die zust\u00e4ndigen Techniker erkl\u00e4rten, wurde jeder Stein des Beckens von Hand entfernt und wieder eingesetzt und eine neue, dickere Plastikfolie am Boden verlegt. Auch die Insel [&hellip;]<\/p>\n","protected":false},"author":443,"featured_media":29745,"comment_status":"open","ping_status":"open","sticky":false,"template":"","format":"gallery","meta":[],"categories":[519,440,6],"tags":[8,9074,9073],"_links":{"self":[{"href":"https:\/\/canaryo.net\/portal\/wp-json\/wp\/v2\/posts\/29744"}],"collection":[{"href":"https:\/\/canaryo.net\/portal\/wp-json\/wp\/v2\/posts"}],"about":[{"href":"https:\/\/canaryo.net\/portal\/wp-json\/wp\/v2\/types\/post"}],"author":[{"embeddable":true,"href":"https:\/\/canaryo.net\/portal\/wp-json\/wp\/v2\/users\/443"}],"replies":[{"embeddable":true,"href":"https:\/\/canaryo.net\/portal\/wp-json\/wp\/v2\/comments?post=29744"}],"version-history":[{"count":1,"href":"https:\/\/canaryo.net\/portal\/wp-json\/wp\/v2\/posts\/29744\/revisions"}],"predecessor-version":[{"id":29746,"href":"https:\/\/canaryo.net\/portal\/wp-json\/wp\/v2\/posts\/29744\/revisions\/29746"}],"wp:featuredmedia":[{"embeddable":true,"href":"https:\/\/canaryo.net\/portal\/wp-json\/wp\/v2\/media\/29745"}],"wp:attachment":[{"href":"https:\/\/canaryo.net\/portal\/wp-json\/wp\/v2\/media?parent=29744"}],"wp:term":[{"taxonomy":"category","embeddable":true,"href":"https:\/\/canaryo.net\/portal\/wp-json\/wp\/v2\/categories?post=29744"},{"taxonomy":"post_tag","embeddable":true,"href":"https:\/\/canaryo.net\/portal\/wp-json\/wp\/v2\/tags?post=29744"}],"curies":[{"name":"wp","href":"https:\/\/api.w.org\/{rel}","templated":true}]}}