{"id":29912,"date":"2023-05-15T16:55:53","date_gmt":"2023-05-15T15:55:53","guid":{"rendered":"https:\/\/canaryo.net\/portal\/?p=29912"},"modified":"2023-06-05T07:41:50","modified_gmt":"2023-06-05T06:41:50","slug":"strassenabschnitt-voruebergehend-gesperrt","status":"publish","type":"post","link":"https:\/\/canaryo.net\/portal\/strassenabschnitt-voruebergehend-gesperrt\/","title":{"rendered":"Stra\u00dfenabschnitt vor\u00fcbergehend gesperrt"},"content":{"rendered":"\n<p>15.05.2023; Gran Canaria \u2013 Die Stadtverwaltung der Inselhauptstadt wird ab diesem Dienstag das St\u00fcck der Calle Guanarteme, das zwischen den Stra\u00dfen Pelayo und Churruca liegt, vor\u00fcbergehend f\u00fcr den Verkehr sperren. Grund daf\u00fcr sind Umbau- und Verbesserungsarbeiten, die mit einer Investition in H\u00f6he von 1.135.627 Euro \u00fcber einen Kooperationsplan mit der Inselregierung finanziert werden. In den vergangenen Tagen wurde bereits die entsprechende Beschilderung aufgestellt und eine provisorische Umleitung eingerichtet. Die Arbeiten, die noch mindestens zwei Monate andauern werden, haben das Ziel, die Stra\u00dfe durch breitere, barrierefreie Wege und mit neuer Bepflanzung attraktiver f\u00fcr Fu\u00dfg\u00e4nger zu machen und somit das soziale und gesch\u00e4ftliche Gef\u00fcge in diesem Gebiet zu f\u00f6rdern und die CO2-Emissionen zu verringern.<\/p>\n\n\n\n<p>Bildquelle: Canarias 7<\/p>\n\n\n\n<figure class=\"wp-block-gallery columns-0 is-cropped\"><ul class=\"blocks-gallery-grid\"><\/ul><\/figure>\n","protected":false},"excerpt":{"rendered":"<p>15.05.2023; Gran Canaria \u2013 Die Stadtverwaltung der Inselhauptstadt wird ab diesem Dienstag das St\u00fcck der Calle Guanarteme, das zwischen den Stra\u00dfen Pelayo und Churruca liegt, vor\u00fcbergehend f\u00fcr den Verkehr sperren. Grund daf\u00fcr sind Umbau- und Verbesserungsarbeiten, die mit einer Investition in H\u00f6he von 1.135.627 Euro \u00fcber einen Kooperationsplan mit der Inselregierung finanziert werden. In den [&hellip;]<\/p>\n","protected":false},"author":443,"featured_media":29913,"comment_status":"open","ping_status":"open","sticky":false,"template":"","format":"gallery","meta":[],"categories":[1659,440,6],"tags":[8,776,9105],"_links":{"self":[{"href":"https:\/\/canaryo.net\/portal\/wp-json\/wp\/v2\/posts\/29912"}],"collection":[{"href":"https:\/\/canaryo.net\/portal\/wp-json\/wp\/v2\/posts"}],"about":[{"href":"https:\/\/canaryo.net\/portal\/wp-json\/wp\/v2\/types\/post"}],"author":[{"embeddable":true,"href":"https:\/\/canaryo.net\/portal\/wp-json\/wp\/v2\/users\/443"}],"replies":[{"embeddable":true,"href":"https:\/\/canaryo.net\/portal\/wp-json\/wp\/v2\/comments?post=29912"}],"version-history":[{"count":1,"href":"https:\/\/canaryo.net\/portal\/wp-json\/wp\/v2\/posts\/29912\/revisions"}],"predecessor-version":[{"id":29914,"href":"https:\/\/canaryo.net\/portal\/wp-json\/wp\/v2\/posts\/29912\/revisions\/29914"}],"wp:featuredmedia":[{"embeddable":true,"href":"https:\/\/canaryo.net\/portal\/wp-json\/wp\/v2\/media\/29913"}],"wp:attachment":[{"href":"https:\/\/canaryo.net\/portal\/wp-json\/wp\/v2\/media?parent=29912"}],"wp:term":[{"taxonomy":"category","embeddable":true,"href":"https:\/\/canaryo.net\/portal\/wp-json\/wp\/v2\/categories?post=29912"},{"taxonomy":"post_tag","embeddable":true,"href":"https:\/\/canaryo.net\/portal\/wp-json\/wp\/v2\/tags?post=29912"}],"curies":[{"name":"wp","href":"https:\/\/api.w.org\/{rel}","templated":true}]}}