{"id":30096,"date":"2023-07-04T23:10:55","date_gmt":"2023-07-04T22:10:55","guid":{"rendered":"https:\/\/canaryo.net\/portal\/?p=30096"},"modified":"2023-07-27T13:23:17","modified_gmt":"2023-07-27T12:23:17","slug":"mann-wegen-misshandlung-seines-hundes-festgenommen","status":"publish","type":"post","link":"https:\/\/canaryo.net\/portal\/mann-wegen-misshandlung-seines-hundes-festgenommen\/","title":{"rendered":"Mann wegen Misshandlung seines Hundes festgenommen"},"content":{"rendered":"\n<p>04.07.2023; Gran Canaria \u2013 Die Polizei hat einen 46-j\u00e4hrigen Mann wegen mutma\u00dflicher Misshandlung von Tieren sowie Angriffen auf Polizeibeamte in Las Palmas verhaftet. Der Einsatz erfolgte, nachdem ein Anwohner am vergangenen 30. Juni die Beamten verst\u00e4ndigt hatte, dass eine Person seinen Hund in der Gegend von La Minilla auf der \u00f6ffentlichen Stra\u00dfe schlagen w\u00fcrde. Als sich die Beamten zum Tatort begaben und die fragliche Person ausfindig machten, hetzte diese Ihren Hund auf sie selbst als sie aufgefordert wurde, dies zu unterlassen. Die Beamten konnten den Mann, der sich ihnen gegen\u00fcber sehr aggressiv zeigte, letztendlich festnehmen, w\u00e4hrend der Hund in der Obhut eines Bekannten des Mannes gelassen wurde.<\/p>\n\n\n\n<p>Bildquelle: Canarias 7<\/p>\n\n\n\n<figure class=\"wp-block-gallery columns-0 is-cropped\"><ul class=\"blocks-gallery-grid\"><\/ul><\/figure>\n","protected":false},"excerpt":{"rendered":"<p>04.07.2023; Gran Canaria \u2013 Die Polizei hat einen 46-j\u00e4hrigen Mann wegen mutma\u00dflicher Misshandlung von Tieren sowie Angriffen auf Polizeibeamte in Las Palmas verhaftet. Der Einsatz erfolgte, nachdem ein Anwohner am vergangenen 30. Juni die Beamten verst\u00e4ndigt hatte, dass eine Person seinen Hund in der Gegend von La Minilla auf der \u00f6ffentlichen Stra\u00dfe schlagen w\u00fcrde. Als [&hellip;]<\/p>\n","protected":false},"author":443,"featured_media":30097,"comment_status":"open","ping_status":"open","sticky":false,"template":"","format":"gallery","meta":[],"categories":[440,518,494,6],"tags":[631,8,1322,7748,3409],"_links":{"self":[{"href":"https:\/\/canaryo.net\/portal\/wp-json\/wp\/v2\/posts\/30096"}],"collection":[{"href":"https:\/\/canaryo.net\/portal\/wp-json\/wp\/v2\/posts"}],"about":[{"href":"https:\/\/canaryo.net\/portal\/wp-json\/wp\/v2\/types\/post"}],"author":[{"embeddable":true,"href":"https:\/\/canaryo.net\/portal\/wp-json\/wp\/v2\/users\/443"}],"replies":[{"embeddable":true,"href":"https:\/\/canaryo.net\/portal\/wp-json\/wp\/v2\/comments?post=30096"}],"version-history":[{"count":1,"href":"https:\/\/canaryo.net\/portal\/wp-json\/wp\/v2\/posts\/30096\/revisions"}],"predecessor-version":[{"id":30098,"href":"https:\/\/canaryo.net\/portal\/wp-json\/wp\/v2\/posts\/30096\/revisions\/30098"}],"wp:featuredmedia":[{"embeddable":true,"href":"https:\/\/canaryo.net\/portal\/wp-json\/wp\/v2\/media\/30097"}],"wp:attachment":[{"href":"https:\/\/canaryo.net\/portal\/wp-json\/wp\/v2\/media?parent=30096"}],"wp:term":[{"taxonomy":"category","embeddable":true,"href":"https:\/\/canaryo.net\/portal\/wp-json\/wp\/v2\/categories?post=30096"},{"taxonomy":"post_tag","embeddable":true,"href":"https:\/\/canaryo.net\/portal\/wp-json\/wp\/v2\/tags?post=30096"}],"curies":[{"name":"wp","href":"https:\/\/api.w.org\/{rel}","templated":true}]}}