{"id":30126,"date":"2023-07-16T19:13:04","date_gmt":"2023-07-16T18:13:04","guid":{"rendered":"https:\/\/canaryo.net\/portal\/?p=30126"},"modified":"2023-08-07T13:41:03","modified_gmt":"2023-08-07T12:41:03","slug":"waldbrand-breitet-sich-weiter-aus","status":"publish","type":"post","link":"https:\/\/canaryo.net\/portal\/waldbrand-breitet-sich-weiter-aus\/","title":{"rendered":"Waldbrand breitet sich weiter aus"},"content":{"rendered":"\n<p>16.07.2023; La Palma \u2013 Der Waldbrand, der in den fr\u00fchen Morgenstunden am Samstag in der Gemeinde Puntagorda ausgebrochen ist, breitet sich immer weiter aus und hat mittlerweile eine Fl\u00e4che von etwa 200 Hektar und 11 H\u00e4user zerst\u00f6rt. Dar\u00fcber hinaus hat er zur Evakuierung von etwa 500 Einwohnern der Stadt Tijarafe. Wie das Notfallkoordinationszentrum mitgeteilt hat, wurden Bed\u00fcrftige in verschiedenen Notunterk\u00fcnften untergebracht. Die Bev\u00f6lkerung wird gebeten, den Anweisungen der Beh\u00f6rden Folge zu leisten. Laut neuesten Angaben soll das Feuer bereits den Nationalpark Caldera de Taburiente erreicht haben. Mehrere Luftstreitkr\u00e4fte, Wasserflugzeuge und Hubschrauber sind zus\u00e4tzlich zu Feuerwehrleuten am Boden an den L\u00f6schungsarbeiten beteiligt, und weitere Einsatzkr\u00e4fte wurden angefordert, um den Brand so bald wie m\u00f6glich unter Kontrolle zu bekommen.<\/p>\n\n\n\n<p>Bildquelle: El Diario<\/p>\n\n\n\n<figure class=\"wp-block-gallery columns-0 is-cropped\"><ul class=\"blocks-gallery-grid\"><\/ul><\/figure>\n","protected":false},"excerpt":{"rendered":"<p>16.07.2023; La Palma \u2013 Der Waldbrand, der in den fr\u00fchen Morgenstunden am Samstag in der Gemeinde Puntagorda ausgebrochen ist, breitet sich immer weiter aus und hat mittlerweile eine Fl\u00e4che von etwa 200 Hektar und 11 H\u00e4user zerst\u00f6rt. Dar\u00fcber hinaus hat er zur Evakuierung von etwa 500 Einwohnern der Stadt Tijarafe. Wie das Notfallkoordinationszentrum mitgeteilt hat, [&hellip;]<\/p>\n","protected":false},"author":443,"featured_media":30130,"comment_status":"open","ping_status":"open","sticky":false,"template":"","format":"gallery","meta":[],"categories":[445,449,6,452,458],"tags":[3756,796,12,1843],"_links":{"self":[{"href":"https:\/\/canaryo.net\/portal\/wp-json\/wp\/v2\/posts\/30126"}],"collection":[{"href":"https:\/\/canaryo.net\/portal\/wp-json\/wp\/v2\/posts"}],"about":[{"href":"https:\/\/canaryo.net\/portal\/wp-json\/wp\/v2\/types\/post"}],"author":[{"embeddable":true,"href":"https:\/\/canaryo.net\/portal\/wp-json\/wp\/v2\/users\/443"}],"replies":[{"embeddable":true,"href":"https:\/\/canaryo.net\/portal\/wp-json\/wp\/v2\/comments?post=30126"}],"version-history":[{"count":1,"href":"https:\/\/canaryo.net\/portal\/wp-json\/wp\/v2\/posts\/30126\/revisions"}],"predecessor-version":[{"id":30133,"href":"https:\/\/canaryo.net\/portal\/wp-json\/wp\/v2\/posts\/30126\/revisions\/30133"}],"wp:featuredmedia":[{"embeddable":true,"href":"https:\/\/canaryo.net\/portal\/wp-json\/wp\/v2\/media\/30130"}],"wp:attachment":[{"href":"https:\/\/canaryo.net\/portal\/wp-json\/wp\/v2\/media?parent=30126"}],"wp:term":[{"taxonomy":"category","embeddable":true,"href":"https:\/\/canaryo.net\/portal\/wp-json\/wp\/v2\/categories?post=30126"},{"taxonomy":"post_tag","embeddable":true,"href":"https:\/\/canaryo.net\/portal\/wp-json\/wp\/v2\/tags?post=30126"}],"curies":[{"name":"wp","href":"https:\/\/api.w.org\/{rel}","templated":true}]}}