{"id":30155,"date":"2023-07-26T21:54:55","date_gmt":"2023-07-26T20:54:55","guid":{"rendered":"https:\/\/canaryo.net\/portal\/?p=30155"},"modified":"2023-08-17T12:03:38","modified_gmt":"2023-08-17T11:03:38","slug":"fahrlaessige-nutzung-von-werkzeug-die-waldbrandursache","status":"publish","type":"post","link":"https:\/\/canaryo.net\/portal\/fahrlaessige-nutzung-von-werkzeug-die-waldbrandursache\/","title":{"rendered":"Fahrl\u00e4ssige Nutzung von Werkzeug die Waldbrandursache"},"content":{"rendered":"\n<p>26.07.2023; Gran Canaria \u2013 Die Guardia Civil ermittelt gegen einen 29-j\u00e4hrigen Mann, der unter Verdacht steht, den Waldbrand, der am vergangenen Dienstag in Tejeda begann und mittlerweile eine 390 Hektar grosse Fl\u00e4che betrifft, verursacht zu haben. Es handelt sich dabei um einen Angestellten eines privaten Unternehmens, der zu dem Zeitpunkt mit drei weiteren Kollegen in dem Gebiet mit trockenem Gras Forstarbeiten mit einer Motorsense durchf\u00fchrte. Die Arbeiter versuchten sofort mit allen ihnen m\u00f6glichen Mitteln das Feuer zu l\u00f6schen und riefen schlie\u00dflich den Notruf, als alle Versuche scheiterten. Wie aus einer Mitteilung hervorgeht, f\u00fchrten die Beamten zudem pr\u00e4ventive Sicherheitsma\u00dfnahmen durch und beteiligten sich an der Evakuation von etwa 250 Personen aus den umliegenden D\u00f6rfern.<\/p>\n\n\n\n<p>Bildquelle: El Diario<\/p>\n\n\n\n<figure class=\"wp-block-gallery columns-0 is-cropped\"><ul class=\"blocks-gallery-grid\"><\/ul><\/figure>\n","protected":false},"excerpt":{"rendered":"<p>26.07.2023; Gran Canaria \u2013 Die Guardia Civil ermittelt gegen einen 29-j\u00e4hrigen Mann, der unter Verdacht steht, den Waldbrand, der am vergangenen Dienstag in Tejeda begann und mittlerweile eine 390 Hektar grosse Fl\u00e4che betrifft, verursacht zu haben. Es handelt sich dabei um einen Angestellten eines privaten Unternehmens, der zu dem Zeitpunkt mit drei weiteren Kollegen in [&hellip;]<\/p>\n","protected":false},"author":443,"featured_media":30158,"comment_status":"open","ping_status":"open","sticky":false,"template":"","format":"gallery","meta":[],"categories":[440,494,452,461],"tags":[9137,8,4100,1843],"_links":{"self":[{"href":"https:\/\/canaryo.net\/portal\/wp-json\/wp\/v2\/posts\/30155"}],"collection":[{"href":"https:\/\/canaryo.net\/portal\/wp-json\/wp\/v2\/posts"}],"about":[{"href":"https:\/\/canaryo.net\/portal\/wp-json\/wp\/v2\/types\/post"}],"author":[{"embeddable":true,"href":"https:\/\/canaryo.net\/portal\/wp-json\/wp\/v2\/users\/443"}],"replies":[{"embeddable":true,"href":"https:\/\/canaryo.net\/portal\/wp-json\/wp\/v2\/comments?post=30155"}],"version-history":[{"count":1,"href":"https:\/\/canaryo.net\/portal\/wp-json\/wp\/v2\/posts\/30155\/revisions"}],"predecessor-version":[{"id":30159,"href":"https:\/\/canaryo.net\/portal\/wp-json\/wp\/v2\/posts\/30155\/revisions\/30159"}],"wp:featuredmedia":[{"embeddable":true,"href":"https:\/\/canaryo.net\/portal\/wp-json\/wp\/v2\/media\/30158"}],"wp:attachment":[{"href":"https:\/\/canaryo.net\/portal\/wp-json\/wp\/v2\/media?parent=30155"}],"wp:term":[{"taxonomy":"category","embeddable":true,"href":"https:\/\/canaryo.net\/portal\/wp-json\/wp\/v2\/categories?post=30155"},{"taxonomy":"post_tag","embeddable":true,"href":"https:\/\/canaryo.net\/portal\/wp-json\/wp\/v2\/tags?post=30155"}],"curies":[{"name":"wp","href":"https:\/\/api.w.org\/{rel}","templated":true}]}}