{"id":30199,"date":"2023-08-08T09:37:58","date_gmt":"2023-08-08T08:37:58","guid":{"rendered":"https:\/\/canaryo.net\/portal\/?p=30199"},"modified":"2023-08-31T16:14:10","modified_gmt":"2023-08-31T15:14:10","slug":"strasse-wegen-gasaustritt-zeitweise-gesperrt","status":"publish","type":"post","link":"https:\/\/canaryo.net\/portal\/strasse-wegen-gasaustritt-zeitweise-gesperrt\/","title":{"rendered":"Stra\u00dfe wegen Gasaustritt zeitweise gesperrt"},"content":{"rendered":"\n<p>08.08.2023; Teneriffa \u2013 Die Avenida de La Salle in der Inselhauptstadt musste am Montagmorgen sowohl f\u00fcr den Fahrzeugverkehr als auch f\u00fcr Fu\u00dfg\u00e4nger wegen eines mutma\u00dflichen Gaslecks in einem dort ans\u00e4ssigen Restaurant gesperrt werden Dies teilte die Polizei in einer Mitteilung mit, nachdem sie zusammen mit Einsatzkr\u00e4ften der Feuerwehr sowie Technikern des Stadtplanungsamtes zum Ort des Geschehens gerufen wurden, um den Stra\u00dfenabschnitt zwischen den Avenidas Tres de Mayo und San Sebasti\u00e1n freizuhalten w\u00e4hrend L\u00fcftungsarbeiten in dem Lokal durchgef\u00fchrt wurden. Es wurden keine Personen von dem Zwischenfall betroffen.<\/p>\n\n\n\n<p>Bildquelle: Canarias 7<\/p>\n\n\n\n<figure class=\"wp-block-gallery columns-0 is-cropped\"><ul class=\"blocks-gallery-grid\"><\/ul><\/figure>\n","protected":false},"excerpt":{"rendered":"<p>08.08.2023; Teneriffa \u2013 Die Avenida de La Salle in der Inselhauptstadt musste am Montagmorgen sowohl f\u00fcr den Fahrzeugverkehr als auch f\u00fcr Fu\u00dfg\u00e4nger wegen eines mutma\u00dflichen Gaslecks in einem dort ans\u00e4ssigen Restaurant gesperrt werden Dies teilte die Polizei in einer Mitteilung mit, nachdem sie zusammen mit Einsatzkr\u00e4ften der Feuerwehr sowie Technikern des Stadtplanungsamtes zum Ort des [&hellip;]<\/p>\n","protected":false},"author":443,"featured_media":30201,"comment_status":"open","ping_status":"open","sticky":false,"template":"","format":"gallery","meta":[],"categories":[448,441],"tags":[9143,523,776],"_links":{"self":[{"href":"https:\/\/canaryo.net\/portal\/wp-json\/wp\/v2\/posts\/30199"}],"collection":[{"href":"https:\/\/canaryo.net\/portal\/wp-json\/wp\/v2\/posts"}],"about":[{"href":"https:\/\/canaryo.net\/portal\/wp-json\/wp\/v2\/types\/post"}],"author":[{"embeddable":true,"href":"https:\/\/canaryo.net\/portal\/wp-json\/wp\/v2\/users\/443"}],"replies":[{"embeddable":true,"href":"https:\/\/canaryo.net\/portal\/wp-json\/wp\/v2\/comments?post=30199"}],"version-history":[{"count":1,"href":"https:\/\/canaryo.net\/portal\/wp-json\/wp\/v2\/posts\/30199\/revisions"}],"predecessor-version":[{"id":30202,"href":"https:\/\/canaryo.net\/portal\/wp-json\/wp\/v2\/posts\/30199\/revisions\/30202"}],"wp:featuredmedia":[{"embeddable":true,"href":"https:\/\/canaryo.net\/portal\/wp-json\/wp\/v2\/media\/30201"}],"wp:attachment":[{"href":"https:\/\/canaryo.net\/portal\/wp-json\/wp\/v2\/media?parent=30199"}],"wp:term":[{"taxonomy":"category","embeddable":true,"href":"https:\/\/canaryo.net\/portal\/wp-json\/wp\/v2\/categories?post=30199"},{"taxonomy":"post_tag","embeddable":true,"href":"https:\/\/canaryo.net\/portal\/wp-json\/wp\/v2\/tags?post=30199"}],"curies":[{"name":"wp","href":"https:\/\/api.w.org\/{rel}","templated":true}]}}