{"id":30222,"date":"2023-08-16T13:35:59","date_gmt":"2023-08-16T12:35:59","guid":{"rendered":"https:\/\/canaryo.net\/portal\/?p=30222"},"modified":"2023-08-16T13:36:00","modified_gmt":"2023-08-16T12:36:00","slug":"strassensperren-und-evakuationen-wegen-waldbrand","status":"publish","type":"post","link":"https:\/\/canaryo.net\/portal\/strassensperren-und-evakuationen-wegen-waldbrand\/","title":{"rendered":"Stra\u00dfensperren und Evakuationen wegen Waldbrand"},"content":{"rendered":"\n<p>16.08.2023; Teneriffa \u2013 Ein Waldbrand zwischen den Gemeinden Arafo und Candelaria hat die Evakuierung mehrerer D\u00f6rfer und die Sperrung der TF-23 zwischen Las Lagunetas und El Portillo sowie der TF-523 erforderlich gemacht. Das Feuer, das in der Nacht von Dienstag auf Mittwoch gegen 23:36 Uhr ausgebrochen war und urspr\u00fcnglich eine Fl\u00e4che von 130 Hektar betroffen hat, wurde in Anbetracht seiner Gr\u00f6\u00dfe und Dynamik auf Antrag der Inselregierung als Stufe 2 eingestuft. Bislang sind die Einsatzkr\u00e4fte der Feuerwehr zu Land im Einsatz, allerdings sollen sie bald von verschiedenen L\u00f6schflugzeugen unterst\u00fctzt werden sollen.<\/p>\n\n\n\n<p>Bildquelle: El Diario<\/p>\n\n\n\n<figure class=\"wp-block-gallery columns-0 is-cropped\"><ul class=\"blocks-gallery-grid\"><\/ul><\/figure>\n","protected":false},"excerpt":{"rendered":"<p>16.08.2023; Teneriffa \u2013 Ein Waldbrand zwischen den Gemeinden Arafo und Candelaria hat die Evakuierung mehrerer D\u00f6rfer und die Sperrung der TF-23 zwischen Las Lagunetas und El Portillo sowie der TF-523 erforderlich gemacht. Das Feuer, das in der Nacht von Dienstag auf Mittwoch gegen 23:36 Uhr ausgebrochen war und urspr\u00fcnglich eine Fl\u00e4che von 130 Hektar betroffen [&hellip;]<\/p>\n","protected":false},"author":443,"featured_media":30217,"comment_status":"open","ping_status":"open","sticky":false,"template":"","format":"gallery","meta":[],"categories":[448,452,441,461,458],"tags":[796,9147,9,1843],"_links":{"self":[{"href":"https:\/\/canaryo.net\/portal\/wp-json\/wp\/v2\/posts\/30222"}],"collection":[{"href":"https:\/\/canaryo.net\/portal\/wp-json\/wp\/v2\/posts"}],"about":[{"href":"https:\/\/canaryo.net\/portal\/wp-json\/wp\/v2\/types\/post"}],"author":[{"embeddable":true,"href":"https:\/\/canaryo.net\/portal\/wp-json\/wp\/v2\/users\/443"}],"replies":[{"embeddable":true,"href":"https:\/\/canaryo.net\/portal\/wp-json\/wp\/v2\/comments?post=30222"}],"version-history":[{"count":2,"href":"https:\/\/canaryo.net\/portal\/wp-json\/wp\/v2\/posts\/30222\/revisions"}],"predecessor-version":[{"id":30224,"href":"https:\/\/canaryo.net\/portal\/wp-json\/wp\/v2\/posts\/30222\/revisions\/30224"}],"wp:featuredmedia":[{"embeddable":true,"href":"https:\/\/canaryo.net\/portal\/wp-json\/wp\/v2\/media\/30217"}],"wp:attachment":[{"href":"https:\/\/canaryo.net\/portal\/wp-json\/wp\/v2\/media?parent=30222"}],"wp:term":[{"taxonomy":"category","embeddable":true,"href":"https:\/\/canaryo.net\/portal\/wp-json\/wp\/v2\/categories?post=30222"},{"taxonomy":"post_tag","embeddable":true,"href":"https:\/\/canaryo.net\/portal\/wp-json\/wp\/v2\/tags?post=30222"}],"curies":[{"name":"wp","href":"https:\/\/api.w.org\/{rel}","templated":true}]}}