{"id":30239,"date":"2023-08-20T22:36:05","date_gmt":"2023-08-20T21:36:05","guid":{"rendered":"https:\/\/canaryo.net\/portal\/?p=30239"},"modified":"2023-09-10T09:22:05","modified_gmt":"2023-09-10T08:22:05","slug":"waldbrand-weiterhin-ausser-kontrolle","status":"publish","type":"post","link":"https:\/\/canaryo.net\/portal\/waldbrand-weiterhin-ausser-kontrolle\/","title":{"rendered":"Waldbrand weiterhin au\u00dfer Kontrolle"},"content":{"rendered":"\n<p>20.08.2023; Teneriffa \u2013 Der Waldbrand, der vergangene Dienstagnacht ausgebrochen ist, ist nach einer komplizierten Nacht, bei der die Wetterverh\u00e4ltnisse nicht mitgespielt haben, weiterhin au\u00dfer Kontrolle und hat zu weiteren Evakuierungen in den Gemeinden La Orotava, La Matanza y la Victoria, Santa \u00darsula, Tacoronte y Los Realejos gef\u00fchrt. Insgesamt sind mittlerweile \u00fcber 5.000 Hektar Wald auf einer Fl\u00e4che von 50 Kilometern, die sich \u00fcber 11 Gemeinden erstreckt, betroffen. Die Inselregierung teilte mit, dass es einen Brand von diesem Ausma\u00df auf den Kanaren so noch nicht gegeben hat und das Verhalten des Feuers jegliche Erwartung \u00fcberschreitet. Zudem f\u00fcgte sie hinzu, dass Ermittlungen laufen, um den oder die Schuldigen dieser Naturkatastrophe ausfindig zu machen.<\/p>\n\n\n\n<p>Bildquelle: El Diario<\/p>\n\n\n\n<figure class=\"wp-block-gallery columns-0 is-cropped\"><ul class=\"blocks-gallery-grid\"><\/ul><\/figure>\n\n\n\n<p><\/p>\n","protected":false},"excerpt":{"rendered":"<p>20.08.2023; Teneriffa \u2013 Der Waldbrand, der vergangene Dienstagnacht ausgebrochen ist, ist nach einer komplizierten Nacht, bei der die Wetterverh\u00e4ltnisse nicht mitgespielt haben, weiterhin au\u00dfer Kontrolle und hat zu weiteren Evakuierungen in den Gemeinden La Orotava, La Matanza y la Victoria, Santa \u00darsula, Tacoronte y Los Realejos gef\u00fchrt. Insgesamt sind mittlerweile \u00fcber 5.000 Hektar Wald auf [&hellip;]<\/p>\n","protected":false},"author":443,"featured_media":30240,"comment_status":"open","ping_status":"open","sticky":false,"template":"","format":"gallery","meta":[],"categories":[494,449,452,441,461],"tags":[796,9,1843],"_links":{"self":[{"href":"https:\/\/canaryo.net\/portal\/wp-json\/wp\/v2\/posts\/30239"}],"collection":[{"href":"https:\/\/canaryo.net\/portal\/wp-json\/wp\/v2\/posts"}],"about":[{"href":"https:\/\/canaryo.net\/portal\/wp-json\/wp\/v2\/types\/post"}],"author":[{"embeddable":true,"href":"https:\/\/canaryo.net\/portal\/wp-json\/wp\/v2\/users\/443"}],"replies":[{"embeddable":true,"href":"https:\/\/canaryo.net\/portal\/wp-json\/wp\/v2\/comments?post=30239"}],"version-history":[{"count":1,"href":"https:\/\/canaryo.net\/portal\/wp-json\/wp\/v2\/posts\/30239\/revisions"}],"predecessor-version":[{"id":30241,"href":"https:\/\/canaryo.net\/portal\/wp-json\/wp\/v2\/posts\/30239\/revisions\/30241"}],"wp:featuredmedia":[{"embeddable":true,"href":"https:\/\/canaryo.net\/portal\/wp-json\/wp\/v2\/media\/30240"}],"wp:attachment":[{"href":"https:\/\/canaryo.net\/portal\/wp-json\/wp\/v2\/media?parent=30239"}],"wp:term":[{"taxonomy":"category","embeddable":true,"href":"https:\/\/canaryo.net\/portal\/wp-json\/wp\/v2\/categories?post=30239"},{"taxonomy":"post_tag","embeddable":true,"href":"https:\/\/canaryo.net\/portal\/wp-json\/wp\/v2\/tags?post=30239"}],"curies":[{"name":"wp","href":"https:\/\/api.w.org\/{rel}","templated":true}]}}