{"id":30251,"date":"2023-08-24T14:53:58","date_gmt":"2023-08-24T13:53:58","guid":{"rendered":"https:\/\/canaryo.net\/portal\/?p=30251"},"modified":"2023-09-11T10:08:24","modified_gmt":"2023-09-11T09:08:24","slug":"mann-beschaedigt-loeschhubschrauber","status":"publish","type":"post","link":"https:\/\/canaryo.net\/portal\/mann-beschaedigt-loeschhubschrauber\/","title":{"rendered":"Mann besch\u00e4digt L\u00f6schhubschrauber"},"content":{"rendered":"\n<p>24.08.2023; Teneriffa \u2013 Ein 80-j\u00e4hriger Anwohner von G\u00fcimar wurde festgenommen, weil er einen Stein auf einen an den L\u00f6scharbeiten beteiligten Hubschrauber geworfen hatte, als dieser dabei war in einem Agrarbew\u00e4sserungstank Wasser aufzuf\u00fcllen. Dadurch wurde der Heckrotor und Propeller funktionsunf\u00e4hig, weswegen das Luftfahrzeug auf dem Fu\u00dfballplatz von Fatima notlanden musste. In einer Pressemitteilung wurde der Vorfall auf Falschmeldungen bez\u00fcglich der Nutzung des Wassers aus den landwirtschaftlichen Tanks zum Nachf\u00fcllen der L\u00f6schhubschrauber zur\u00fcckgef\u00fchrt. Manche Menschen w\u00fcrden aus Angst um ihre Ernte zu solchen drastischen Mitteln greifen. Es wurde daran erinnert, dass nach Abschluss der L\u00f6scharbeiten anhand von GPS ermittelt wird, welcher Helikopter in welchem Tank Wasser aufgeladen hat und somit jeder Besitzer die gesamte Menge, die entnommen wurde, zur\u00fcckerh\u00e4lt. Somit waren am Dienstag zwei Hubschrauber weniger an der Bek\u00e4mpfung der Flammen beteiligt, da ein weiterer gewartet wurde.<\/p>\n\n\n\n<p>Bildquelle: El Diario<\/p>\n\n\n\n<figure class=\"wp-block-gallery columns-0 is-cropped\"><ul class=\"blocks-gallery-grid\"><\/ul><\/figure>\n","protected":false},"excerpt":{"rendered":"<p>24.08.2023; Teneriffa \u2013 Ein 80-j\u00e4hriger Anwohner von G\u00fcimar wurde festgenommen, weil er einen Stein auf einen an den L\u00f6scharbeiten beteiligten Hubschrauber geworfen hatte, als dieser dabei war in einem Agrarbew\u00e4sserungstank Wasser aufzuf\u00fcllen. Dadurch wurde der Heckrotor und Propeller funktionsunf\u00e4hig, weswegen das Luftfahrzeug auf dem Fu\u00dfballplatz von Fatima notlanden musste. In einer Pressemitteilung wurde der Vorfall [&hellip;]<\/p>\n","protected":false},"author":443,"featured_media":30252,"comment_status":"open","ping_status":"open","sticky":false,"template":"","format":"gallery","meta":[],"categories":[494,449,441],"tags":[2410,6583,9,794],"_links":{"self":[{"href":"https:\/\/canaryo.net\/portal\/wp-json\/wp\/v2\/posts\/30251"}],"collection":[{"href":"https:\/\/canaryo.net\/portal\/wp-json\/wp\/v2\/posts"}],"about":[{"href":"https:\/\/canaryo.net\/portal\/wp-json\/wp\/v2\/types\/post"}],"author":[{"embeddable":true,"href":"https:\/\/canaryo.net\/portal\/wp-json\/wp\/v2\/users\/443"}],"replies":[{"embeddable":true,"href":"https:\/\/canaryo.net\/portal\/wp-json\/wp\/v2\/comments?post=30251"}],"version-history":[{"count":1,"href":"https:\/\/canaryo.net\/portal\/wp-json\/wp\/v2\/posts\/30251\/revisions"}],"predecessor-version":[{"id":30253,"href":"https:\/\/canaryo.net\/portal\/wp-json\/wp\/v2\/posts\/30251\/revisions\/30253"}],"wp:featuredmedia":[{"embeddable":true,"href":"https:\/\/canaryo.net\/portal\/wp-json\/wp\/v2\/media\/30252"}],"wp:attachment":[{"href":"https:\/\/canaryo.net\/portal\/wp-json\/wp\/v2\/media?parent=30251"}],"wp:term":[{"taxonomy":"category","embeddable":true,"href":"https:\/\/canaryo.net\/portal\/wp-json\/wp\/v2\/categories?post=30251"},{"taxonomy":"post_tag","embeddable":true,"href":"https:\/\/canaryo.net\/portal\/wp-json\/wp\/v2\/tags?post=30251"}],"curies":[{"name":"wp","href":"https:\/\/api.w.org\/{rel}","templated":true}]}}