{"id":30254,"date":"2023-08-25T23:05:43","date_gmt":"2023-08-25T22:05:43","guid":{"rendered":"https:\/\/canaryo.net\/portal\/?p=30254"},"modified":"2023-09-13T08:47:49","modified_gmt":"2023-09-13T07:47:49","slug":"vermisste-karen-wieder-aufgetaucht","status":"publish","type":"post","link":"https:\/\/canaryo.net\/portal\/vermisste-karen-wieder-aufgetaucht\/","title":{"rendered":"Vermisste Karen wieder aufgetaucht"},"content":{"rendered":"\n<p>25.08.2023; Gran Canaria \u2013 Polizeibeamte haben die 15-j\u00e4hrige Karen gefunden, die seit dem vergangenen 16. August als vermisst galt. Sie wurde ich einer Wohnung in Arguineguin in der Gemeinde Mog\u00e1n gefunden. Die Beamten wurden am vergangenen 18. August \u00fcber das Verschwinden des M\u00e4dchens aus der Wohnung ihrer Gro\u00dfeltern in der Inselhauptstadt informiert. Die Ermittlungen ergaben, dass diese freiwillig gegangen und mithilfe einer dritten Person zun\u00e4chst nach Telde und anschlie\u00dfend nach Vecindario gefahren war, bis sie schlie\u00dflich Unterschlupf in der Wohnung der Eltern ihres ebenfalls minderj\u00e4hrigen Freundes fand, wo die Mutter des Jungen sie versteckte, wohlwissen, dass nach ihr gesucht wird. Als sich die Ermittler endlich Zutritt verschaffen konnten, fanden sie Karen wohlauf in einem Bettkasten versteckt und \u00fcbergaben sie ihrem leiblichen Vater.<\/p>\n\n\n\n<p>Bildquelle: La Provincia<\/p>\n\n\n\n<figure class=\"wp-block-gallery columns-0 is-cropped\"><ul class=\"blocks-gallery-grid\"><\/ul><\/figure>\n","protected":false},"excerpt":{"rendered":"<p>25.08.2023; Gran Canaria \u2013 Polizeibeamte haben die 15-j\u00e4hrige Karen gefunden, die seit dem vergangenen 16. August als vermisst galt. Sie wurde ich einer Wohnung in Arguineguin in der Gemeinde Mog\u00e1n gefunden. Die Beamten wurden am vergangenen 18. August \u00fcber das Verschwinden des M\u00e4dchens aus der Wohnung ihrer Gro\u00dfeltern in der Inselhauptstadt informiert. Die Ermittlungen ergaben, [&hellip;]<\/p>\n","protected":false},"author":443,"featured_media":30256,"comment_status":"open","ping_status":"open","sticky":false,"template":"","format":"gallery","meta":[],"categories":[1658,440,494],"tags":[9149,8,1676],"_links":{"self":[{"href":"https:\/\/canaryo.net\/portal\/wp-json\/wp\/v2\/posts\/30254"}],"collection":[{"href":"https:\/\/canaryo.net\/portal\/wp-json\/wp\/v2\/posts"}],"about":[{"href":"https:\/\/canaryo.net\/portal\/wp-json\/wp\/v2\/types\/post"}],"author":[{"embeddable":true,"href":"https:\/\/canaryo.net\/portal\/wp-json\/wp\/v2\/users\/443"}],"replies":[{"embeddable":true,"href":"https:\/\/canaryo.net\/portal\/wp-json\/wp\/v2\/comments?post=30254"}],"version-history":[{"count":1,"href":"https:\/\/canaryo.net\/portal\/wp-json\/wp\/v2\/posts\/30254\/revisions"}],"predecessor-version":[{"id":30257,"href":"https:\/\/canaryo.net\/portal\/wp-json\/wp\/v2\/posts\/30254\/revisions\/30257"}],"wp:featuredmedia":[{"embeddable":true,"href":"https:\/\/canaryo.net\/portal\/wp-json\/wp\/v2\/media\/30256"}],"wp:attachment":[{"href":"https:\/\/canaryo.net\/portal\/wp-json\/wp\/v2\/media?parent=30254"}],"wp:term":[{"taxonomy":"category","embeddable":true,"href":"https:\/\/canaryo.net\/portal\/wp-json\/wp\/v2\/categories?post=30254"},{"taxonomy":"post_tag","embeddable":true,"href":"https:\/\/canaryo.net\/portal\/wp-json\/wp\/v2\/tags?post=30254"}],"curies":[{"name":"wp","href":"https:\/\/api.w.org\/{rel}","templated":true}]}}