{"id":30417,"date":"2023-10-09T13:21:44","date_gmt":"2023-10-09T12:21:44","guid":{"rendered":"https:\/\/canaryo.net\/portal\/?p=30417"},"modified":"2023-11-01T09:12:17","modified_gmt":"2023-11-01T08:12:17","slug":"waldbrand-wieder-heruntergestuft","status":"publish","type":"post","link":"https:\/\/canaryo.net\/portal\/waldbrand-wieder-heruntergestuft\/","title":{"rendered":"Waldbrand wieder heruntergestuft"},"content":{"rendered":"\n<p>09.10.2023; Teneriffa \u2013 \u00a0Die L\u00f6scharbeiten des Waldbrandes auf der Insel sind in der Nacht zum Freitag trotz der starken Windb\u00f6en im oberen Bereich von Santa Ursula und La Orotava, ohne nennenswerte Zwischenf\u00e4lle verlaufen, was dazu gef\u00fchrt hat, dass das Feuer auf herabgestuft wurde und nun wieder von der Inselverwaltung abh\u00e4ngig ist. Die Truppen der milit\u00e4rischen Notstandseinheit wurden bereits abgezogen und die 3.200 evakuierten Personen konnten ab 13.00 Uhr in ihre H\u00e4user zur\u00fcckkehren. Aufgrund der Hangwinde und der hohen Temperaturen in den kommenden Tagen sei die Situation aber immer noch kompliziert. Dies wurde auf einer Pressekonferenz zur Aktualisierung des aktuellen Standes bekannt gegeben. Der Brand war durch mehrere Reaktivierungen des Feuers, dass am vergangenen August in Arafo ausgebrochen war und seit dem 11. September zwar unter Kontrolle, aber nicht als gel\u00f6scht galt, entstanden. Ein Wohnhaus wurde dabei von den Flammen zerst\u00f6rt, die dort lebende Familie ist anderweitig untergekommen, w\u00e4hrend an einer mittelfristigen L\u00f6sung gearbeitet wird.<\/p>\n\n\n\n<p>Bildquelle: El Diario<\/p>\n\n\n\n<figure class=\"wp-block-gallery columns-0 is-cropped\"><ul class=\"blocks-gallery-grid\"><\/ul><\/figure>\n","protected":false},"excerpt":{"rendered":"<p>09.10.2023; Teneriffa \u2013 \u00a0Die L\u00f6scharbeiten des Waldbrandes auf der Insel sind in der Nacht zum Freitag trotz der starken Windb\u00f6en im oberen Bereich von Santa Ursula und La Orotava, ohne nennenswerte Zwischenf\u00e4lle verlaufen, was dazu gef\u00fchrt hat, dass das Feuer auf herabgestuft wurde und nun wieder von der Inselverwaltung abh\u00e4ngig ist. Die Truppen der milit\u00e4rischen [&hellip;]<\/p>\n","protected":false},"author":443,"featured_media":30414,"comment_status":"open","ping_status":"open","sticky":false,"template":"","format":"gallery","meta":[],"categories":[452,441,461],"tags":[3500,4005,9,1843],"_links":{"self":[{"href":"https:\/\/canaryo.net\/portal\/wp-json\/wp\/v2\/posts\/30417"}],"collection":[{"href":"https:\/\/canaryo.net\/portal\/wp-json\/wp\/v2\/posts"}],"about":[{"href":"https:\/\/canaryo.net\/portal\/wp-json\/wp\/v2\/types\/post"}],"author":[{"embeddable":true,"href":"https:\/\/canaryo.net\/portal\/wp-json\/wp\/v2\/users\/443"}],"replies":[{"embeddable":true,"href":"https:\/\/canaryo.net\/portal\/wp-json\/wp\/v2\/comments?post=30417"}],"version-history":[{"count":1,"href":"https:\/\/canaryo.net\/portal\/wp-json\/wp\/v2\/posts\/30417\/revisions"}],"predecessor-version":[{"id":30418,"href":"https:\/\/canaryo.net\/portal\/wp-json\/wp\/v2\/posts\/30417\/revisions\/30418"}],"wp:featuredmedia":[{"embeddable":true,"href":"https:\/\/canaryo.net\/portal\/wp-json\/wp\/v2\/media\/30414"}],"wp:attachment":[{"href":"https:\/\/canaryo.net\/portal\/wp-json\/wp\/v2\/media?parent=30417"}],"wp:term":[{"taxonomy":"category","embeddable":true,"href":"https:\/\/canaryo.net\/portal\/wp-json\/wp\/v2\/categories?post=30417"},{"taxonomy":"post_tag","embeddable":true,"href":"https:\/\/canaryo.net\/portal\/wp-json\/wp\/v2\/tags?post=30417"}],"curies":[{"name":"wp","href":"https:\/\/api.w.org\/{rel}","templated":true}]}}