{"id":30464,"date":"2023-10-23T16:22:15","date_gmt":"2023-10-23T15:22:15","guid":{"rendered":"https:\/\/canaryo.net\/portal\/?p=30464"},"modified":"2023-11-10T11:03:07","modified_gmt":"2023-11-10T10:03:07","slug":"autobahnanbindung-mit-guamasa-ab-naechster-woche-gesperrt","status":"publish","type":"post","link":"https:\/\/canaryo.net\/portal\/autobahnanbindung-mit-guamasa-ab-naechster-woche-gesperrt\/","title":{"rendered":"Autobahnanbindung mit Guamasa ab n\u00e4chster Woche gesperrt"},"content":{"rendered":"\n<p>23.10.2023; Teneriffa \u2013 Ab Dienstag, den 24. Oktober, soll die Verbindung zwischen Guamasa und der TF-5 ab 21:00 Uhr gesperrt werden, um dem Verkehrsaufkommen zu den Stosszeiten entgegenzukommen. Der Verkehr soll auf die TF-235 umgeleitet werden, die von zwei auf drei Fahrstreifen erweitert wird und von der es eine direkte Zufahrt auf die Autobahn geben wird. Laut der Inselregierung wurde diese Ma\u00dfnahme zusammen mit dem Stadtrat von La Laguna auf einer Sitzung diese Woche beschlossen und soll zun\u00e4chst acht Tage lang, jeweils von 07:00 Uhr bis 08:30 Uhr getestet werden um zu analysieren, ob es sich dabei um eine m\u00f6gliche L\u00f6sung f\u00fcr das Verkehrsproblem handelt die eventuell auch langfristig umgesetzt werden k\u00f6nnte.<\/p>\n\n\n\n<p>Bildquelle: El Diario<\/p>\n\n\n\n<figure class=\"wp-block-gallery columns-0 is-cropped\"><ul class=\"blocks-gallery-grid\"><\/ul><\/figure>\n","protected":false},"excerpt":{"rendered":"<p>23.10.2023; Teneriffa \u2013 Ab Dienstag, den 24. Oktober, soll die Verbindung zwischen Guamasa und der TF-5 ab 21:00 Uhr gesperrt werden, um dem Verkehrsaufkommen zu den Stosszeiten entgegenzukommen. Der Verkehr soll auf die TF-235 umgeleitet werden, die von zwei auf drei Fahrstreifen erweitert wird und von der es eine direkte Zufahrt auf die Autobahn geben [&hellip;]<\/p>\n","protected":false},"author":443,"featured_media":30459,"comment_status":"open","ping_status":"open","sticky":false,"template":"","format":"gallery","meta":[],"categories":[448,441],"tags":[6881,9169,1291,9,9170],"_links":{"self":[{"href":"https:\/\/canaryo.net\/portal\/wp-json\/wp\/v2\/posts\/30464"}],"collection":[{"href":"https:\/\/canaryo.net\/portal\/wp-json\/wp\/v2\/posts"}],"about":[{"href":"https:\/\/canaryo.net\/portal\/wp-json\/wp\/v2\/types\/post"}],"author":[{"embeddable":true,"href":"https:\/\/canaryo.net\/portal\/wp-json\/wp\/v2\/users\/443"}],"replies":[{"embeddable":true,"href":"https:\/\/canaryo.net\/portal\/wp-json\/wp\/v2\/comments?post=30464"}],"version-history":[{"count":1,"href":"https:\/\/canaryo.net\/portal\/wp-json\/wp\/v2\/posts\/30464\/revisions"}],"predecessor-version":[{"id":30465,"href":"https:\/\/canaryo.net\/portal\/wp-json\/wp\/v2\/posts\/30464\/revisions\/30465"}],"wp:featuredmedia":[{"embeddable":true,"href":"https:\/\/canaryo.net\/portal\/wp-json\/wp\/v2\/media\/30459"}],"wp:attachment":[{"href":"https:\/\/canaryo.net\/portal\/wp-json\/wp\/v2\/media?parent=30464"}],"wp:term":[{"taxonomy":"category","embeddable":true,"href":"https:\/\/canaryo.net\/portal\/wp-json\/wp\/v2\/categories?post=30464"},{"taxonomy":"post_tag","embeddable":true,"href":"https:\/\/canaryo.net\/portal\/wp-json\/wp\/v2\/tags?post=30464"}],"curies":[{"name":"wp","href":"https:\/\/api.w.org\/{rel}","templated":true}]}}