{"id":30812,"date":"2024-01-31T14:30:31","date_gmt":"2024-01-31T13:30:31","guid":{"rendered":"https:\/\/canaryo.net\/portal\/?p=30812"},"modified":"2024-02-21T23:16:59","modified_gmt":"2024-02-21T22:16:59","slug":"junge-nach-sturz-von-fabrikhalle-schwer-verletzt","status":"publish","type":"post","link":"https:\/\/canaryo.net\/portal\/junge-nach-sturz-von-fabrikhalle-schwer-verletzt\/","title":{"rendered":"Junge nach Sturz von Fabrikhalle schwer verletzt"},"content":{"rendered":"\n<p>31.01.2024; Gran Canaria \u2013 Ein 16-J\u00e4hriger erlitt schwere Verletzungen, nachdem er vom Dach einer verlassenen Fabrikhalle in Las Palmas gest\u00fcrzt war. Dies teilte die kanarische Notrufzentrale und Quellen der Polizei mit Demnach ereignete sich der Vorfall am vergangenen Sonntag gegen 21:47 Uhr in einer Halle im Bereich Miller zwischen den Stra\u00dfen Calle Vega Sarmiento und Eufemiano Fuentes. Dorthin wurde sofort nach Eingang der Meldung, dass drei Minderj\u00e4hrige in eine Fabrikhalle eingebrochen waren und einer von Ihnen aus 15 Metern H\u00f6he vom Dach gest\u00fcrzt war, der kanarische Rettungsdienst geschickt. Dieser stellte vor Ort mehrere Prellwunden sowie ein schweres Sch\u00e4del-Hirn-Trauma fest und brachte ihn mit dem Krankenwagen in das Hospital Universitario Doctor Negr\u00edn. Die Polizei hat das entsprechende Unfallprotokoll erstellt und die Ermittlungen aufgenommen.<\/p>\n\n\n\n<p>Bildquelle: El Diario<\/p>\n\n\n\n<figure class=\"wp-block-gallery columns-0 is-cropped\"><ul class=\"blocks-gallery-grid\"><\/ul><\/figure>\n","protected":false},"excerpt":{"rendered":"<p>31.01.2024; Gran Canaria \u2013 Ein 16-J\u00e4hriger erlitt schwere Verletzungen, nachdem er vom Dach einer verlassenen Fabrikhalle in Las Palmas gest\u00fcrzt war. Dies teilte die kanarische Notrufzentrale und Quellen der Polizei mit Demnach ereignete sich der Vorfall am vergangenen Sonntag gegen 21:47 Uhr in einer Halle im Bereich Miller zwischen den Stra\u00dfen Calle Vega Sarmiento und [&hellip;]<\/p>\n","protected":false},"author":443,"featured_media":30810,"comment_status":"open","ping_status":"open","sticky":false,"template":"","format":"gallery","meta":[],"categories":[440,461],"tags":[9224,8,8562,1058],"_links":{"self":[{"href":"https:\/\/canaryo.net\/portal\/wp-json\/wp\/v2\/posts\/30812"}],"collection":[{"href":"https:\/\/canaryo.net\/portal\/wp-json\/wp\/v2\/posts"}],"about":[{"href":"https:\/\/canaryo.net\/portal\/wp-json\/wp\/v2\/types\/post"}],"author":[{"embeddable":true,"href":"https:\/\/canaryo.net\/portal\/wp-json\/wp\/v2\/users\/443"}],"replies":[{"embeddable":true,"href":"https:\/\/canaryo.net\/portal\/wp-json\/wp\/v2\/comments?post=30812"}],"version-history":[{"count":1,"href":"https:\/\/canaryo.net\/portal\/wp-json\/wp\/v2\/posts\/30812\/revisions"}],"predecessor-version":[{"id":30813,"href":"https:\/\/canaryo.net\/portal\/wp-json\/wp\/v2\/posts\/30812\/revisions\/30813"}],"wp:featuredmedia":[{"embeddable":true,"href":"https:\/\/canaryo.net\/portal\/wp-json\/wp\/v2\/media\/30810"}],"wp:attachment":[{"href":"https:\/\/canaryo.net\/portal\/wp-json\/wp\/v2\/media?parent=30812"}],"wp:term":[{"taxonomy":"category","embeddable":true,"href":"https:\/\/canaryo.net\/portal\/wp-json\/wp\/v2\/categories?post=30812"},{"taxonomy":"post_tag","embeddable":true,"href":"https:\/\/canaryo.net\/portal\/wp-json\/wp\/v2\/tags?post=30812"}],"curies":[{"name":"wp","href":"https:\/\/api.w.org\/{rel}","templated":true}]}}