{"id":31424,"date":"2024-08-08T21:38:19","date_gmt":"2024-08-08T20:38:19","guid":{"rendered":"https:\/\/canaryo.net\/portal\/?p=31424"},"modified":"2024-08-29T08:22:09","modified_gmt":"2024-08-29T07:22:09","slug":"mann-zuendet-eigene-wohnung-an","status":"publish","type":"post","link":"https:\/\/canaryo.net\/portal\/mann-zuendet-eigene-wohnung-an\/","title":{"rendered":"Mann z\u00fcndet eigene Wohnung an"},"content":{"rendered":"\n<p>08.08.2024; Lanzarote &#8211; Die \u00f6rtliche Polizei von Arrecife hat einen 54-j\u00e4hrigen Mann  festgenommen, der beschuldigt wird, am vergangenen Samstag absichtlich sein Haus in Brand  gesetzt zu haben, w\u00e4hrend seine Mutter sich im Inneren befand. Der Vorfall ereignete sich  gegen 21:10 Uhr in der Calle Juan Negr\u00edn. Die Polizei und Feuerwehr r\u00fcckten sofort aus. Nach  ihren Ermittlungen best\u00e4tigten die Beamten, dass der Mann den Brand gelegt hatte. Die  Verhaftung des T\u00e4ters erfolgte dank der Zusammenarbeit der beteiligten Beh\u00f6rden mithilfe  einer Drehleiter. Die Stra\u00dfe blieb bis Mitternacht gesperrt, um den Brand zu l\u00f6schen. Der  Verd\u00e4chtige wurde der zust\u00e4ndigen Justizbeh\u00f6rde \u00fcbergeben. <\/p>\n\n\n\n<p>Bildquelle: El Diario<\/p>\n\n\n\n<figure class=\"wp-block-gallery columns-0 is-cropped\"><ul class=\"blocks-gallery-grid\"><\/ul><\/figure>\n","protected":false},"excerpt":{"rendered":"<p>08.08.2024; Lanzarote &#8211; Die \u00f6rtliche Polizei von Arrecife hat einen 54-j\u00e4hrigen Mann festgenommen, der beschuldigt wird, am vergangenen Samstag absichtlich sein Haus in Brand gesetzt zu haben, w\u00e4hrend seine Mutter sich im Inneren befand. Der Vorfall ereignete sich gegen 21:10 Uhr in der Calle Juan Negr\u00edn. Die Polizei und Feuerwehr r\u00fcckten sofort aus. Nach ihren [&hellip;]<\/p>\n","protected":false},"author":443,"featured_media":31410,"comment_status":"open","ping_status":"open","sticky":false,"template":"","format":"gallery","meta":[],"categories":[494,443],"tags":[697,631,11,3087],"_links":{"self":[{"href":"https:\/\/canaryo.net\/portal\/wp-json\/wp\/v2\/posts\/31424"}],"collection":[{"href":"https:\/\/canaryo.net\/portal\/wp-json\/wp\/v2\/posts"}],"about":[{"href":"https:\/\/canaryo.net\/portal\/wp-json\/wp\/v2\/types\/post"}],"author":[{"embeddable":true,"href":"https:\/\/canaryo.net\/portal\/wp-json\/wp\/v2\/users\/443"}],"replies":[{"embeddable":true,"href":"https:\/\/canaryo.net\/portal\/wp-json\/wp\/v2\/comments?post=31424"}],"version-history":[{"count":1,"href":"https:\/\/canaryo.net\/portal\/wp-json\/wp\/v2\/posts\/31424\/revisions"}],"predecessor-version":[{"id":31425,"href":"https:\/\/canaryo.net\/portal\/wp-json\/wp\/v2\/posts\/31424\/revisions\/31425"}],"wp:featuredmedia":[{"embeddable":true,"href":"https:\/\/canaryo.net\/portal\/wp-json\/wp\/v2\/media\/31410"}],"wp:attachment":[{"href":"https:\/\/canaryo.net\/portal\/wp-json\/wp\/v2\/media?parent=31424"}],"wp:term":[{"taxonomy":"category","embeddable":true,"href":"https:\/\/canaryo.net\/portal\/wp-json\/wp\/v2\/categories?post=31424"},{"taxonomy":"post_tag","embeddable":true,"href":"https:\/\/canaryo.net\/portal\/wp-json\/wp\/v2\/tags?post=31424"}],"curies":[{"name":"wp","href":"https:\/\/api.w.org\/{rel}","templated":true}]}}