{"id":31444,"date":"2024-08-15T20:35:25","date_gmt":"2024-08-15T19:35:25","guid":{"rendered":"https:\/\/canaryo.net\/portal\/?p=31444"},"modified":"2024-09-03T19:14:05","modified_gmt":"2024-09-03T18:14:05","slug":"einbrecher-verhaftet","status":"publish","type":"post","link":"https:\/\/canaryo.net\/portal\/einbrecher-verhaftet\/","title":{"rendered":"Einbrecher verhaftet"},"content":{"rendered":"\n<p>15.08.2024; Teneriffa &#8211; Ein 25-j\u00e4hriger Mann wurde in Untersuchungshaft genommen,<br>nachdem er beschuldigt wurde, in drei Wohnungen eingebrochen zu sein, w\u00e4hrend die<br>Bewohner schliefen. Der T\u00e4ter, der bereits wegen \u00e4hnlicher Vergehen vorbestraft ist, soll bei den Einbr\u00fcchen insgesamt \u00fcber 1.800 Euro in bar sowie pers\u00f6nliche Gegenst\u00e4nde im Wert von 2.000 Euro erbeutet haben, wie die \u00f6rtliche Polizei mitteilte. Die betroffenen Wohnungen<br>befinden sich in den Ortschaften Las Rosas und Guaza. Die Eigent\u00fcmer berichteten, dass der<br>T\u00e4ter nachts in ihre Wohnungen eingedrungen sei, indem er auf Fenster und Terrassen<br>kletterte. Dank gesammelter Informationen und Ermittlungen konnte die Polizei den<br>mutma\u00dflichen T\u00e4ter schliesslich identifizieren, aufsp\u00fcren und festnehmen. Er wurde der<br>zust\u00e4ndigen Justizbeh\u00f6rde \u00fcbergeben.<\/p>\n\n\n\n<p><br>Bildquelle: El Diario<\/p>\n\n\n\n<figure class=\"wp-block-gallery columns-0 is-cropped\"><ul class=\"blocks-gallery-grid\"><\/ul><\/figure>\n","protected":false},"excerpt":{"rendered":"<p>15.08.2024; Teneriffa &#8211; Ein 25-j\u00e4hriger Mann wurde in Untersuchungshaft genommen,nachdem er beschuldigt wurde, in drei Wohnungen eingebrochen zu sein, w\u00e4hrend dieBewohner schliefen. Der T\u00e4ter, der bereits wegen \u00e4hnlicher Vergehen vorbestraft ist, soll bei den Einbr\u00fcchen insgesamt \u00fcber 1.800 Euro in bar sowie pers\u00f6nliche Gegenst\u00e4nde im Wert von 2.000 Euro erbeutet haben, wie die \u00f6rtliche Polizei [&hellip;]<\/p>\n","protected":false},"author":443,"featured_media":31438,"comment_status":"open","ping_status":"open","sticky":false,"template":"","format":"gallery","meta":[],"categories":[494,441],"tags":[790,9,849,794],"_links":{"self":[{"href":"https:\/\/canaryo.net\/portal\/wp-json\/wp\/v2\/posts\/31444"}],"collection":[{"href":"https:\/\/canaryo.net\/portal\/wp-json\/wp\/v2\/posts"}],"about":[{"href":"https:\/\/canaryo.net\/portal\/wp-json\/wp\/v2\/types\/post"}],"author":[{"embeddable":true,"href":"https:\/\/canaryo.net\/portal\/wp-json\/wp\/v2\/users\/443"}],"replies":[{"embeddable":true,"href":"https:\/\/canaryo.net\/portal\/wp-json\/wp\/v2\/comments?post=31444"}],"version-history":[{"count":2,"href":"https:\/\/canaryo.net\/portal\/wp-json\/wp\/v2\/posts\/31444\/revisions"}],"predecessor-version":[{"id":31446,"href":"https:\/\/canaryo.net\/portal\/wp-json\/wp\/v2\/posts\/31444\/revisions\/31446"}],"wp:featuredmedia":[{"embeddable":true,"href":"https:\/\/canaryo.net\/portal\/wp-json\/wp\/v2\/media\/31438"}],"wp:attachment":[{"href":"https:\/\/canaryo.net\/portal\/wp-json\/wp\/v2\/media?parent=31444"}],"wp:term":[{"taxonomy":"category","embeddable":true,"href":"https:\/\/canaryo.net\/portal\/wp-json\/wp\/v2\/categories?post=31444"},{"taxonomy":"post_tag","embeddable":true,"href":"https:\/\/canaryo.net\/portal\/wp-json\/wp\/v2\/tags?post=31444"}],"curies":[{"name":"wp","href":"https:\/\/api.w.org\/{rel}","templated":true}]}}