{"id":31585,"date":"2024-09-30T14:18:23","date_gmt":"2024-09-30T13:18:23","guid":{"rendered":"https:\/\/canaryo.net\/portal\/?p=31585"},"modified":"2024-10-16T17:28:14","modified_gmt":"2024-10-16T16:28:14","slug":"toedlicher-verkehrsunfall-2","status":"publish","type":"post","link":"https:\/\/canaryo.net\/portal\/toedlicher-verkehrsunfall-2\/","title":{"rendered":"T\u00f6dlicher Verkehrsunfall"},"content":{"rendered":"\n<p>30.09.2024; Fuerteventura \u2013 Ein Mann ist in den fr\u00fchen Morgenstunden nach einem Verkehrsunfall in Tuineje ums Leben gekommen. Laut Angaben der kanarischen Notfallzentrale ereignete sich der Unfall gegen 2 Uhr morgens auf der FV-2 in der N\u00e4he von Giniginamar. Ein Anrufer meldete, dass ein Fahrzeug von der Fahrbahn abgekommen und sich \u00fcberschlagen habe. Die Rettungskr\u00e4fte wurden sofort alarmiert. Die Feuerwehr sicherte das Fahrzeug und befreite den Fahrer aus dem Wrack. Trotz schneller Hilfe konnte das medizinische Personal nur noch den Tod des Mannes aufgrund seiner schweren Verletzungen feststellen. Die Guardia Civil leitete den Verkehr an der Unfallstelle vorbei und \u00fcbernahm die Ermittlungen.\u00a0<\/p>\n\n\n\n<p>Bildquelle: El Diario&nbsp;<\/p>\n\n\n\n<figure class=\"wp-block-gallery columns-0 is-cropped\"><ul class=\"blocks-gallery-grid\"><\/ul><\/figure>\n","protected":false},"excerpt":{"rendered":"<p>30.09.2024; Fuerteventura \u2013 Ein Mann ist in den fr\u00fchen Morgenstunden nach einem Verkehrsunfall in Tuineje ums Leben gekommen. Laut Angaben der kanarischen Notfallzentrale ereignete sich der Unfall gegen 2 Uhr morgens auf der FV-2 in der N\u00e4he von Giniginamar. Ein Anrufer meldete, dass ein Fahrzeug von der Fahrbahn abgekommen und sich \u00fcberschlagen habe. Die Rettungskr\u00e4fte [&hellip;]<\/p>\n","protected":false},"author":443,"featured_media":31575,"comment_status":"open","ping_status":"open","sticky":false,"template":"","format":"gallery","meta":[],"categories":[448,442,494,461],"tags":[10,6190,2062,1560],"_links":{"self":[{"href":"https:\/\/canaryo.net\/portal\/wp-json\/wp\/v2\/posts\/31585"}],"collection":[{"href":"https:\/\/canaryo.net\/portal\/wp-json\/wp\/v2\/posts"}],"about":[{"href":"https:\/\/canaryo.net\/portal\/wp-json\/wp\/v2\/types\/post"}],"author":[{"embeddable":true,"href":"https:\/\/canaryo.net\/portal\/wp-json\/wp\/v2\/users\/443"}],"replies":[{"embeddable":true,"href":"https:\/\/canaryo.net\/portal\/wp-json\/wp\/v2\/comments?post=31585"}],"version-history":[{"count":1,"href":"https:\/\/canaryo.net\/portal\/wp-json\/wp\/v2\/posts\/31585\/revisions"}],"predecessor-version":[{"id":31586,"href":"https:\/\/canaryo.net\/portal\/wp-json\/wp\/v2\/posts\/31585\/revisions\/31586"}],"wp:featuredmedia":[{"embeddable":true,"href":"https:\/\/canaryo.net\/portal\/wp-json\/wp\/v2\/media\/31575"}],"wp:attachment":[{"href":"https:\/\/canaryo.net\/portal\/wp-json\/wp\/v2\/media?parent=31585"}],"wp:term":[{"taxonomy":"category","embeddable":true,"href":"https:\/\/canaryo.net\/portal\/wp-json\/wp\/v2\/categories?post=31585"},{"taxonomy":"post_tag","embeddable":true,"href":"https:\/\/canaryo.net\/portal\/wp-json\/wp\/v2\/tags?post=31585"}],"curies":[{"name":"wp","href":"https:\/\/api.w.org\/{rel}","templated":true}]}}